{"id":6262,"date":"2012-12-05T14:17:38","date_gmt":"2012-12-05T12:17:38","guid":{"rendered":"https:\/\/blog-new.atominium.com\/?p=6262"},"modified":"2023-10-30T12:42:12","modified_gmt":"2023-10-30T11:42:12","slug":"specyficzne-jezyki-czesc-iii-timerio-i-esperanto","status":"publish","type":"post","link":"https:\/\/www.atominium.com\/pl\/blog\/specyficzne-jezyki-czesc-iii-timerio-i-esperanto\/","title":{"rendered":"Specyficzne j\u0119zyki. Cz\u0119\u015b\u0107 III \u2013 Timerio i Esperanto"},"content":{"rendered":"<p style=\"text-align: justify;\">Odnotowano r\u00f3wnie\u017c istnienie sztucznie tworzonych j\u0119zyk\u00f3w. Nale\u017c\u0105 do nich mi\u0119dzy innymi Esperanto oraz Timerio. J\u0119zyk Esperanto jest powszechnie u\u017cywanym j\u0119zykiem pomocniczym. Uwa\u017ca si\u0119, \u017ce jest on wyj\u0105tkowo \u0142atwy do nauczenia si\u0119. Powodem tego jest charakterystyczna zasada konstrukcji tego j\u0119zyka \u2013 zawiera on w sobie elementy wi\u0119kszo\u015bci <a href=\"https:\/\/www.atominium.com\">j\u0119zyk\u00f3w europejskich<\/a> oraz \u0142aciny. Rejestr ten u\u017cywany jest obecnie przez od 10,000 do 2,000,000 os\u00f3b w zale\u017cno\u015bci od ich stopnia zaawansowania.<\/p>\n<p style=\"text-align: justify;\">Innym ciekawym zjawiskiem jest istnienie j\u0119zyka Timerio, kt\u00f3ry oparty jest wy\u0142\u0105cznie na cyfrach. Zosta\u0142 on oficjalnie zaprezentowany w 1921 roku \u2013 intencj\u0105 tw\u00f3rc\u00f3w by\u0142o przypisywanie ka\u017cdemu poj\u0119ciu odpowiedniej liczby. Jedyne powszechnie znane zdanie w tym j\u0119zyku to <em>1-80-17, <\/em>oznaczaj\u0105ce <em>Kocham Ci\u0119. <\/em>Mo\u017cna wi\u0119c przypuszcza\u0107, \u017ce 1 to odpowiednik zaimka <em>ja, a <\/em>17 odpowiada zaimkowi <em>ty. <\/em><\/p>\n<p style=\"text-align: justify;\">Podsumowuj\u0105c \u2013 poza istnieniem powszechnie znanych j\u0119zyk\u00f3w u\u017cywanych przez miliony ludzi na \u015bwiecie, odnotowano te\u017c istnienie zaskakuj\u0105cych rejestr\u00f3w j\u0119zykowych. Do dzi\u015b jednak nie wszystkie \u201edziwne\u201d j\u0119zyki zosta\u0142y zbadane, wi\u0119c opinia publiczna wci\u0105\u017c mo\u017ce zosta\u0107 zaskoczona przez bardzo odmienne rejestry, kt\u00f3re nie zawsze oparte s\u0105 na tradycyjnych elementach j\u0119zyka.<\/p>\n<p style=\"text-align: justify;\">\n<p style=\"text-align: right;\">Angelika Karcz<\/p>\n","protected":false},"excerpt":{"rendered":"<p>Odnotowano r\u00f3wnie\u017c istnienie sztucznie tworzonych j\u0119zyk\u00f3w. Nale\u017c\u0105 do nich mi\u0119dzy innymi Esperanto oraz Timerio. J\u0119zyk Esperanto jest powszechnie u\u017cywanym j\u0119zykiem pomocniczym. Uwa\u017ca si\u0119, \u017ce jest on wyj\u0105tkowo \u0142atwy do nauczenia si\u0119. Powodem tego jest charakterystyczna zasada konstrukcji tego j\u0119zyka \u2013 zawiera on w sobie elementy wi\u0119kszo\u015bci j\u0119zyk\u00f3w europejskich oraz \u0142aciny. Rejestr ten u\u017cywany jest obecnie przez od 10,000 do 2,000,000 os\u00f3b w zale\u017cno\u015bci od ich stopnia zaawansowania.<\/p>\n","protected":false},"author":4,"featured_media":0,"comment_status":"closed","ping_status":"closed","sticky":false,"template":"","format":"standard","meta":{"footnotes":""},"categories":[33],"tags":[1666,1603,1927],"class_list":["post-6262","post","type-post","status-publish","format-standard","hentry","category-dla-tlumaczy","tag-esperanto","tag-jezyki-swiata","tag-timerio"],"yoast_head":"<!-- This site is optimized with the Yoast SEO plugin v24.2 - https:\/\/yoast.com\/wordpress\/plugins\/seo\/ -->\n<title>Specyficzne j\u0119zyki. Cz\u0119\u015b\u0107 III \u2013 Timerio i Esperanto | Biuro t\u0142umacze\u0144 Atominium<\/title>\n<meta name=\"description\" content=\"J\u0119zyki, kt\u00f3re zmieniaj\u0105 perspektyw\u0119: Timerio i Esperanto jako przyk\u0142ady specyficznych j\u0119zyk\u00f3w. Dowiedz si\u0119, jak wp\u0142ywaj\u0105 na nasz \u015bwiat na blogu Atominium.\" \/>\n<meta name=\"robots\" content=\"index, follow, max-snippet:-1, max-image-preview:large, max-video-preview:-1\" \/>\n<link rel=\"canonical\" href=\"https:\/\/www.atominium.com\/pl\/blog\/specyficzne-jezyki-czesc-iii-timerio-i-esperanto\/\" \/>\n<meta property=\"og:locale\" content=\"pl_PL\" \/>\n<meta property=\"og:type\" content=\"article\" \/>\n<meta property=\"og:title\" content=\"Specyficzne j\u0119zyki. Cz\u0119\u015b\u0107 III \u2013 Timerio i Esperanto | Biuro t\u0142umacze\u0144 Atominium\" \/>\n<meta property=\"og:description\" content=\"J\u0119zyki, kt\u00f3re zmieniaj\u0105 perspektyw\u0119: Timerio i Esperanto jako przyk\u0142ady specyficznych j\u0119zyk\u00f3w. Dowiedz si\u0119, jak wp\u0142ywaj\u0105 na nasz \u015bwiat na blogu Atominium.\" \/>\n<meta property=\"og:url\" content=\"https:\/\/www.atominium.com\/pl\/blog\/specyficzne-jezyki-czesc-iii-timerio-i-esperanto\/\" \/>\n<meta property=\"og:site_name\" content=\"Biuro t\u0142umacze\u0144 specjalistycznych - Krak\u00f3w - Atominium\" \/>\n<meta property=\"article:publisher\" content=\"https:\/\/www.facebook.com\/p\/Atominium-Specialist-Translation-Agency-100052230326775\/\" \/>\n<meta property=\"article:published_time\" content=\"2012-12-05T12:17:38+00:00\" \/>\n<meta property=\"article:modified_time\" content=\"2023-10-30T11:42:12+00:00\" \/>\n<meta name=\"author\" content=\"Atominium\" \/>\n<script type=\"application\/ld+json\" class=\"yoast-schema-graph\">{\"@context\":\"https:\/\/schema.org\",\"@graph\":[{\"@type\":\"Article\",\"@id\":\"https:\/\/www.atominium.com\/pl\/blog\/specyficzne-jezyki-czesc-iii-timerio-i-esperanto\/#article\",\"isPartOf\":{\"@id\":\"https:\/\/www.atominium.com\/pl\/blog\/specyficzne-jezyki-czesc-iii-timerio-i-esperanto\/\"},\"author\":{\"name\":\"Atominium\",\"@id\":\"https:\/\/www.atominium.com\/pl\/#\/schema\/person\/2906c27107092631f4bffe78591c1893\"},\"headline\":\"Specyficzne j\u0119zyki. Cz\u0119\u015b\u0107 III \u2013 Timerio i Esperanto\",\"datePublished\":\"2012-12-05T12:17:38+00:00\",\"dateModified\":\"2023-10-30T11:42:12+00:00\",\"mainEntityOfPage\":{\"@id\":\"https:\/\/www.atominium.com\/pl\/blog\/specyficzne-jezyki-czesc-iii-timerio-i-esperanto\/\"},\"wordCount\":216,\"publisher\":{\"@id\":\"https:\/\/www.atominium.com\/pl\/#organization\"},\"keywords\":[\"esperanto\",\"j\u0119zyki \u015bwiata\",\"timerio\"],\"articleSection\":[\"Dla t\u0142umaczy\"],\"inLanguage\":\"pl-PL\"},{\"@type\":\"WebPage\",\"@id\":\"https:\/\/www.atominium.com\/pl\/blog\/specyficzne-jezyki-czesc-iii-timerio-i-esperanto\/\",\"url\":\"https:\/\/www.atominium.com\/pl\/blog\/specyficzne-jezyki-czesc-iii-timerio-i-esperanto\/\",\"name\":\"Specyficzne j\u0119zyki. Cz\u0119\u015b\u0107 III \u2013 Timerio i Esperanto | Biuro t\u0142umacze\u0144 Atominium\",\"isPartOf\":{\"@id\":\"https:\/\/www.atominium.com\/pl\/#website\"},\"datePublished\":\"2012-12-05T12:17:38+00:00\",\"dateModified\":\"2023-10-30T11:42:12+00:00\",\"description\":\"J\u0119zyki, kt\u00f3re zmieniaj\u0105 perspektyw\u0119: Timerio i Esperanto jako przyk\u0142ady specyficznych j\u0119zyk\u00f3w. Dowiedz si\u0119, jak wp\u0142ywaj\u0105 na nasz \u015bwiat na blogu Atominium.\",\"breadcrumb\":{\"@id\":\"https:\/\/www.atominium.com\/pl\/blog\/specyficzne-jezyki-czesc-iii-timerio-i-esperanto\/#breadcrumb\"},\"inLanguage\":\"pl-PL\",\"potentialAction\":[{\"@type\":\"ReadAction\",\"target\":[\"https:\/\/www.atominium.com\/pl\/blog\/specyficzne-jezyki-czesc-iii-timerio-i-esperanto\/\"]}]},{\"@type\":\"BreadcrumbList\",\"@id\":\"https:\/\/www.atominium.com\/pl\/blog\/specyficzne-jezyki-czesc-iii-timerio-i-esperanto\/#breadcrumb\",\"itemListElement\":[{\"@type\":\"ListItem\",\"position\":1,\"name\":\"Strona g\u0142\u00f3wna\",\"item\":\"https:\/\/www.atominium.com\/pl\/\"},{\"@type\":\"ListItem\",\"position\":2,\"name\":\"Specyficzne j\u0119zyki. Cz\u0119\u015b\u0107 III \u2013 Timerio i Esperanto\"}]},{\"@type\":\"WebSite\",\"@id\":\"https:\/\/www.atominium.com\/pl\/#website\",\"url\":\"https:\/\/www.atominium.com\/pl\/\",\"name\":\"Biuro t\u0142umacze\u0144 specjalistycznych - Krak\u00f3w - Atominium\",\"description\":\"Darmowa wycena w 15 min. T\u0142umaczenia: zwyk\u0142e, ustne, przysi\u0119g\u0142e, online. Biuro t\u0142umacze\u0144 Krak\u00f3w Atominium - ekspert w dziedzinie przek\u0142ad\u00f3w.\",\"publisher\":{\"@id\":\"https:\/\/www.atominium.com\/pl\/#organization\"},\"potentialAction\":[{\"@type\":\"SearchAction\",\"target\":{\"@type\":\"EntryPoint\",\"urlTemplate\":\"https:\/\/www.atominium.com\/pl\/?s={search_term_string}\"},\"query-input\":{\"@type\":\"PropertyValueSpecification\",\"valueRequired\":true,\"valueName\":\"search_term_string\"}}],\"inLanguage\":\"pl-PL\"},{\"@type\":\"Organization\",\"@id\":\"https:\/\/www.atominium.com\/pl\/#organization\",\"name\":\"Biuro t\u0142umacze\u0144 specjalistycznych Atominium Krak\u00f3w\",\"alternateName\":\"Atominium\",\"url\":\"https:\/\/www.atominium.com\/pl\/\",\"logo\":{\"@type\":\"ImageObject\",\"inLanguage\":\"pl-PL\",\"@id\":\"https:\/\/www.atominium.com\/pl\/#\/schema\/logo\/image\/\",\"url\":\"https:\/\/www.atominium.com\/pl\/wp-content\/uploads\/2021\/02\/logo-atominium.png\",\"contentUrl\":\"https:\/\/www.atominium.com\/pl\/wp-content\/uploads\/2021\/02\/logo-atominium.png\",\"width\":573,\"height\":90,\"caption\":\"Biuro t\u0142umacze\u0144 specjalistycznych Atominium Krak\u00f3w\"},\"image\":{\"@id\":\"https:\/\/www.atominium.com\/pl\/#\/schema\/logo\/image\/\"},\"sameAs\":[\"https:\/\/www.facebook.com\/p\/Atominium-Specialist-Translation-Agency-100052230326775\/\"]},{\"@type\":\"Person\",\"@id\":\"https:\/\/www.atominium.com\/pl\/#\/schema\/person\/2906c27107092631f4bffe78591c1893\",\"name\":\"Atominium\",\"image\":{\"@type\":\"ImageObject\",\"inLanguage\":\"pl-PL\",\"@id\":\"https:\/\/www.atominium.com\/pl\/#\/schema\/person\/image\/\",\"url\":\"https:\/\/secure.gravatar.com\/avatar\/922668877ae1f08e285966e5bda08312911a5a8b93ae4cdc451508934c30b139?s=96&d=mm&r=g\",\"contentUrl\":\"https:\/\/secure.gravatar.com\/avatar\/922668877ae1f08e285966e5bda08312911a5a8b93ae4cdc451508934c30b139?s=96&d=mm&r=g\",\"caption\":\"Atominium\"},\"url\":\"https:\/\/www.atominium.com\/pl\/blog\/author\/m-skrzypkowski\/\"}]}<\/script>\n<!-- \/ Yoast SEO plugin. -->","yoast_head_json":{"title":"Specyficzne j\u0119zyki. Cz\u0119\u015b\u0107 III \u2013 Timerio i Esperanto | Biuro t\u0142umacze\u0144 Atominium","description":"J\u0119zyki, kt\u00f3re zmieniaj\u0105 perspektyw\u0119: Timerio i Esperanto jako przyk\u0142ady specyficznych j\u0119zyk\u00f3w. Dowiedz si\u0119, jak wp\u0142ywaj\u0105 na nasz \u015bwiat na blogu Atominium.","robots":{"index":"index","follow":"follow","max-snippet":"max-snippet:-1","max-image-preview":"max-image-preview:large","max-video-preview":"max-video-preview:-1"},"canonical":"https:\/\/www.atominium.com\/pl\/blog\/specyficzne-jezyki-czesc-iii-timerio-i-esperanto\/","og_locale":"pl_PL","og_type":"article","og_title":"Specyficzne j\u0119zyki. Cz\u0119\u015b\u0107 III \u2013 Timerio i Esperanto | Biuro t\u0142umacze\u0144 Atominium","og_description":"J\u0119zyki, kt\u00f3re zmieniaj\u0105 perspektyw\u0119: Timerio i Esperanto jako przyk\u0142ady specyficznych j\u0119zyk\u00f3w. Dowiedz si\u0119, jak wp\u0142ywaj\u0105 na nasz \u015bwiat na blogu Atominium.","og_url":"https:\/\/www.atominium.com\/pl\/blog\/specyficzne-jezyki-czesc-iii-timerio-i-esperanto\/","og_site_name":"Biuro t\u0142umacze\u0144 specjalistycznych - Krak\u00f3w - Atominium","article_publisher":"https:\/\/www.facebook.com\/p\/Atominium-Specialist-Translation-Agency-100052230326775\/","article_published_time":"2012-12-05T12:17:38+00:00","article_modified_time":"2023-10-30T11:42:12+00:00","author":"Atominium","schema":{"@context":"https:\/\/schema.org","@graph":[{"@type":"Article","@id":"https:\/\/www.atominium.com\/pl\/blog\/specyficzne-jezyki-czesc-iii-timerio-i-esperanto\/#article","isPartOf":{"@id":"https:\/\/www.atominium.com\/pl\/blog\/specyficzne-jezyki-czesc-iii-timerio-i-esperanto\/"},"author":{"name":"Atominium","@id":"https:\/\/www.atominium.com\/pl\/#\/schema\/person\/2906c27107092631f4bffe78591c1893"},"headline":"Specyficzne j\u0119zyki. Cz\u0119\u015b\u0107 III \u2013 Timerio i Esperanto","datePublished":"2012-12-05T12:17:38+00:00","dateModified":"2023-10-30T11:42:12+00:00","mainEntityOfPage":{"@id":"https:\/\/www.atominium.com\/pl\/blog\/specyficzne-jezyki-czesc-iii-timerio-i-esperanto\/"},"wordCount":216,"publisher":{"@id":"https:\/\/www.atominium.com\/pl\/#organization"},"keywords":["esperanto","j\u0119zyki \u015bwiata","timerio"],"articleSection":["Dla t\u0142umaczy"],"inLanguage":"pl-PL"},{"@type":"WebPage","@id":"https:\/\/www.atominium.com\/pl\/blog\/specyficzne-jezyki-czesc-iii-timerio-i-esperanto\/","url":"https:\/\/www.atominium.com\/pl\/blog\/specyficzne-jezyki-czesc-iii-timerio-i-esperanto\/","name":"Specyficzne j\u0119zyki. Cz\u0119\u015b\u0107 III \u2013 Timerio i Esperanto | Biuro t\u0142umacze\u0144 Atominium","isPartOf":{"@id":"https:\/\/www.atominium.com\/pl\/#website"},"datePublished":"2012-12-05T12:17:38+00:00","dateModified":"2023-10-30T11:42:12+00:00","description":"J\u0119zyki, kt\u00f3re zmieniaj\u0105 perspektyw\u0119: Timerio i Esperanto jako przyk\u0142ady specyficznych j\u0119zyk\u00f3w. Dowiedz si\u0119, jak wp\u0142ywaj\u0105 na nasz \u015bwiat na blogu Atominium.","breadcrumb":{"@id":"https:\/\/www.atominium.com\/pl\/blog\/specyficzne-jezyki-czesc-iii-timerio-i-esperanto\/#breadcrumb"},"inLanguage":"pl-PL","potentialAction":[{"@type":"ReadAction","target":["https:\/\/www.atominium.com\/pl\/blog\/specyficzne-jezyki-czesc-iii-timerio-i-esperanto\/"]}]},{"@type":"BreadcrumbList","@id":"https:\/\/www.atominium.com\/pl\/blog\/specyficzne-jezyki-czesc-iii-timerio-i-esperanto\/#breadcrumb","itemListElement":[{"@type":"ListItem","position":1,"name":"Strona g\u0142\u00f3wna","item":"https:\/\/www.atominium.com\/pl\/"},{"@type":"ListItem","position":2,"name":"Specyficzne j\u0119zyki. Cz\u0119\u015b\u0107 III \u2013 Timerio i Esperanto"}]},{"@type":"WebSite","@id":"https:\/\/www.atominium.com\/pl\/#website","url":"https:\/\/www.atominium.com\/pl\/","name":"Biuro t\u0142umacze\u0144 specjalistycznych - Krak\u00f3w - Atominium","description":"Darmowa wycena w 15 min. T\u0142umaczenia: zwyk\u0142e, ustne, przysi\u0119g\u0142e, online. Biuro t\u0142umacze\u0144 Krak\u00f3w Atominium - ekspert w dziedzinie przek\u0142ad\u00f3w.","publisher":{"@id":"https:\/\/www.atominium.com\/pl\/#organization"},"potentialAction":[{"@type":"SearchAction","target":{"@type":"EntryPoint","urlTemplate":"https:\/\/www.atominium.com\/pl\/?s={search_term_string}"},"query-input":{"@type":"PropertyValueSpecification","valueRequired":true,"valueName":"search_term_string"}}],"inLanguage":"pl-PL"},{"@type":"Organization","@id":"https:\/\/www.atominium.com\/pl\/#organization","name":"Biuro t\u0142umacze\u0144 specjalistycznych Atominium Krak\u00f3w","alternateName":"Atominium","url":"https:\/\/www.atominium.com\/pl\/","logo":{"@type":"ImageObject","inLanguage":"pl-PL","@id":"https:\/\/www.atominium.com\/pl\/#\/schema\/logo\/image\/","url":"https:\/\/www.atominium.com\/pl\/wp-content\/uploads\/2021\/02\/logo-atominium.png","contentUrl":"https:\/\/www.atominium.com\/pl\/wp-content\/uploads\/2021\/02\/logo-atominium.png","width":573,"height":90,"caption":"Biuro t\u0142umacze\u0144 specjalistycznych Atominium Krak\u00f3w"},"image":{"@id":"https:\/\/www.atominium.com\/pl\/#\/schema\/logo\/image\/"},"sameAs":["https:\/\/www.facebook.com\/p\/Atominium-Specialist-Translation-Agency-100052230326775\/"]},{"@type":"Person","@id":"https:\/\/www.atominium.com\/pl\/#\/schema\/person\/2906c27107092631f4bffe78591c1893","name":"Atominium","image":{"@type":"ImageObject","inLanguage":"pl-PL","@id":"https:\/\/www.atominium.com\/pl\/#\/schema\/person\/image\/","url":"https:\/\/secure.gravatar.com\/avatar\/922668877ae1f08e285966e5bda08312911a5a8b93ae4cdc451508934c30b139?s=96&d=mm&r=g","contentUrl":"https:\/\/secure.gravatar.com\/avatar\/922668877ae1f08e285966e5bda08312911a5a8b93ae4cdc451508934c30b139?s=96&d=mm&r=g","caption":"Atominium"},"url":"https:\/\/www.atominium.com\/pl\/blog\/author\/m-skrzypkowski\/"}]}},"post_mailing_queue_ids":[],"_links":{"self":[{"href":"https:\/\/www.atominium.com\/pl\/wp-json\/wp\/v2\/posts\/6262","targetHints":{"allow":["GET"]}}],"collection":[{"href":"https:\/\/www.atominium.com\/pl\/wp-json\/wp\/v2\/posts"}],"about":[{"href":"https:\/\/www.atominium.com\/pl\/wp-json\/wp\/v2\/types\/post"}],"author":[{"embeddable":true,"href":"https:\/\/www.atominium.com\/pl\/wp-json\/wp\/v2\/users\/4"}],"replies":[{"embeddable":true,"href":"https:\/\/www.atominium.com\/pl\/wp-json\/wp\/v2\/comments?post=6262"}],"version-history":[{"count":1,"href":"https:\/\/www.atominium.com\/pl\/wp-json\/wp\/v2\/posts\/6262\/revisions"}],"predecessor-version":[{"id":16640,"href":"https:\/\/www.atominium.com\/pl\/wp-json\/wp\/v2\/posts\/6262\/revisions\/16640"}],"wp:attachment":[{"href":"https:\/\/www.atominium.com\/pl\/wp-json\/wp\/v2\/media?parent=6262"}],"wp:term":[{"taxonomy":"category","embeddable":true,"href":"https:\/\/www.atominium.com\/pl\/wp-json\/wp\/v2\/categories?post=6262"},{"taxonomy":"post_tag","embeddable":true,"href":"https:\/\/www.atominium.com\/pl\/wp-json\/wp\/v2\/tags?post=6262"}],"curies":[{"name":"wp","href":"https:\/\/api.w.org\/{rel}","templated":true}]}}