{"id":5977,"date":"2012-07-24T13:55:45","date_gmt":"2012-07-24T11:55:45","guid":{"rendered":"https:\/\/blog-new.atominium.com\/?p=5977"},"modified":"2023-10-30T14:30:53","modified_gmt":"2023-10-30T13:30:53","slug":"ryga-stolica-z-secesja-w-tle","status":"publish","type":"post","link":"https:\/\/www.atominium.com\/pl\/blog\/ryga-stolica-z-secesja-w-tle\/","title":{"rendered":"Ryga, stolica z secesj\u0105 w tle"},"content":{"rendered":"<p style=\"text-align: center;\"><img fetchpriority=\"high\" decoding=\"async\" class=\"aligncenter wp-image-5979 size-full\" title=\"secesja\" src=\"https:\/\/blog-new.atominium.com\/wp-content\/uploads\/2012\/07\/secesja.jpg\" alt=\"Ryga, stolica z secesj\u0105 w tle\" width=\"486\" height=\"328\" \/><\/p>\n<p style=\"text-align: justify;\">\n<p style=\"text-align: justify;\">\n<p style=\"text-align: justify;\">Kieruj\u0105c si\u0119 w stron\u0119 kraj\u00f3w ba\u0142tyckich dotychczas zatrzymywali\u015bmy si\u0119 g\u0142\u00f3wnie tylko w Wilnie, ale ostatnio Ryga, stolica niewielkiej \u0141otwy, kojarzona z miastami hanzeatyckimi, staje si\u0119 coraz popularniejsza w\u015br\u00f3d turyst\u00f3w, w tym i tych z Polski. Wielu z nich, szczeg\u00f3lnie m\u0142odych, przyci\u0105ga s\u0142awa najbardziej imprezowej stolicy w tej cz\u0119\u015bci Europy.<\/p>\n<p style=\"text-align: justify;\">Inni kieruj\u0105 swoje pierwsze kroki do urokliwego starego miasta, p\u0119kaj\u0105cego od zabytk\u00f3w. Nie wszystkim jednak udaje si\u0119 doczyta\u0107, \u017ce Ryga s\u0142ynie z secesji! Spaceruj\u0105c w okolicach ulic Elizabetes iela i Alberta iela napotkamy na wiele pere\u0142ek architektury. Ca\u0142a dzielnica jest z reszt\u0105 wpisana na list\u0119 UNESCO.<\/p>\n<p style=\"text-align: justify;\">Zwiedzanie warto zacz\u0105\u0107 od Muzeum secesji, znajduj\u0105cego si\u0119 na Alberta iela. Muzeum pe\u0142ni r\u00f3wnie\u017c funkcj\u0119 punktu informacyjnego. W \u015brodku mo\u017cemy podziwia\u0107 odrestaurowane wn\u0119trza, a w nich meble, przedmioty codziennego u\u017cytku, a nawet stroje, dla kt\u00f3rych modelami s\u0105 pracownicy muzeum.<\/p>\n<p style=\"text-align: justify;\">Kamienice znajduj\u0105ce si\u0119 w tych rejonach zachwycaj\u0105 oryginalnymi detalami i zdobieniami. S\u0105 one doskona\u0142ym przyk\u0142adem r\u00f3\u017cnorodno\u015bci stylu. Mo\u017cna odnale\u017a\u0107 tam budowle typowo \u0142otewskie, ozdobione motywami s\u0142o\u0144ca, wiewi\u00f3rek itp. Jednak\u017ce lwi\u0105 cz\u0119\u015b\u0107 tej architektury stanowi\u0105 dzie\u0142a rosyjskich architekt\u00f3w, w tym Michai\u0142a Eisensteina, ojca re\u017cysera Siergieja.<\/p>\n<p style=\"text-align: justify;\">Obecnie dzielnica ta, ze wzgl\u0119du na swoje po\u0142o\u017cenie oraz urok (zapomniane w czasach ZSRR kamieniczki s\u0105 na bie\u017c\u0105co remontowane i szybko odzyskuj\u0105 sw\u00f3j dawny blask) mo\u017ce poszczyci\u0107 si\u0119 mianem luksusowej, co potwierdz\u0105 zaparkowane na ulicach eleganckie, drogie samochody.<\/p>\n<p style=\"text-align: justify;\">\n<p style=\"text-align: right;\">Agnieszka Szarek<\/p>\n","protected":false},"excerpt":{"rendered":"<p>Kieruj\u0105c si\u0119 w stron\u0119 kraj\u00f3w ba\u0142tyckich dotychczas zatrzymywali\u015bmy si\u0119 g\u0142\u00f3wnie tylko w Wilnie, ale ostatnio Ryga, stolica niewielkiej \u0141otwy, kojarzona jako miasto hanzeatyckie, staje si\u0119 coraz popularniejsza w\u015br\u00f3d turyst\u00f3w, w tym i tych z Polski. Wielu z nich, szczeg\u00f3lnie m\u0142odych, przyci\u0105ga s\u0142awa najbardziej imprezowej stolicy w tej cz\u0119\u015bci Europy.<\/p>\n","protected":false},"author":4,"featured_media":0,"comment_status":"closed","ping_status":"closed","sticky":false,"template":"","format":"standard","meta":{"footnotes":""},"categories":[16,63],"tags":[1857,1858,1859,1860],"class_list":["post-5977","post","type-post","status-publish","format-standard","hentry","category-kacik-kulturalny","category-podroze-2","tag-ryga","tag-secesja","tag-secesyjna-ryga","tag-stolica-lotwy"],"yoast_head":"<!-- This site is optimized with the Yoast SEO plugin v24.2 - https:\/\/yoast.com\/wordpress\/plugins\/seo\/ -->\n<title>Ryga, stolica z secesj\u0105 w tle | Biuro t\u0142umacze\u0144 Atominium<\/title>\n<meta name=\"description\" content=\"Ryga: Per\u0142a secesji w Europie. Zapraszamy na wirtualny spacer po malowniczych uliczkach stolicy \u0141otwy na blogu Atominium.\" \/>\n<meta name=\"robots\" content=\"index, follow, max-snippet:-1, max-image-preview:large, max-video-preview:-1\" \/>\n<link rel=\"canonical\" href=\"https:\/\/www.atominium.com\/pl\/blog\/ryga-stolica-z-secesja-w-tle\/\" \/>\n<meta property=\"og:locale\" content=\"pl_PL\" \/>\n<meta property=\"og:type\" content=\"article\" \/>\n<meta property=\"og:title\" content=\"Ryga, stolica z secesj\u0105 w tle | Biuro t\u0142umacze\u0144 Atominium\" \/>\n<meta property=\"og:description\" content=\"Ryga: Per\u0142a secesji w Europie. Zapraszamy na wirtualny spacer po malowniczych uliczkach stolicy \u0141otwy na blogu Atominium.\" \/>\n<meta property=\"og:url\" content=\"https:\/\/www.atominium.com\/pl\/blog\/ryga-stolica-z-secesja-w-tle\/\" \/>\n<meta property=\"og:site_name\" content=\"Biuro t\u0142umacze\u0144 specjalistycznych - Krak\u00f3w - Atominium\" \/>\n<meta property=\"article:publisher\" content=\"https:\/\/www.facebook.com\/p\/Atominium-Specialist-Translation-Agency-100052230326775\/\" \/>\n<meta property=\"article:published_time\" content=\"2012-07-24T11:55:45+00:00\" \/>\n<meta property=\"article:modified_time\" content=\"2023-10-30T13:30:53+00:00\" \/>\n<meta property=\"og:image\" content=\"https:\/\/blog-new.atominium.com\/wp-content\/uploads\/2012\/07\/secesja.jpg\" \/>\n<meta name=\"author\" content=\"Atominium\" \/>\n<script type=\"application\/ld+json\" class=\"yoast-schema-graph\">{\"@context\":\"https:\/\/schema.org\",\"@graph\":[{\"@type\":\"Article\",\"@id\":\"https:\/\/www.atominium.com\/pl\/blog\/ryga-stolica-z-secesja-w-tle\/#article\",\"isPartOf\":{\"@id\":\"https:\/\/www.atominium.com\/pl\/blog\/ryga-stolica-z-secesja-w-tle\/\"},\"author\":{\"name\":\"Atominium\",\"@id\":\"https:\/\/www.atominium.com\/pl\/#\/schema\/person\/2906c27107092631f4bffe78591c1893\"},\"headline\":\"Ryga, stolica z secesj\u0105 w tle\",\"datePublished\":\"2012-07-24T11:55:45+00:00\",\"dateModified\":\"2023-10-30T13:30:53+00:00\",\"mainEntityOfPage\":{\"@id\":\"https:\/\/www.atominium.com\/pl\/blog\/ryga-stolica-z-secesja-w-tle\/\"},\"wordCount\":271,\"publisher\":{\"@id\":\"https:\/\/www.atominium.com\/pl\/#organization\"},\"image\":{\"@id\":\"https:\/\/www.atominium.com\/pl\/blog\/ryga-stolica-z-secesja-w-tle\/#primaryimage\"},\"thumbnailUrl\":\"https:\/\/blog-new.atominium.com\/wp-content\/uploads\/2012\/07\/secesja.jpg\",\"keywords\":[\"Ryga\",\"secesja\",\"secesyjna Ryga\",\"stolica \u0141otwy\"],\"articleSection\":[\"K\u0105cik kulturalny\",\"Podr\u00f3\u017ce\"],\"inLanguage\":\"pl-PL\"},{\"@type\":\"WebPage\",\"@id\":\"https:\/\/www.atominium.com\/pl\/blog\/ryga-stolica-z-secesja-w-tle\/\",\"url\":\"https:\/\/www.atominium.com\/pl\/blog\/ryga-stolica-z-secesja-w-tle\/\",\"name\":\"Ryga, stolica z secesj\u0105 w tle | Biuro t\u0142umacze\u0144 Atominium\",\"isPartOf\":{\"@id\":\"https:\/\/www.atominium.com\/pl\/#website\"},\"primaryImageOfPage\":{\"@id\":\"https:\/\/www.atominium.com\/pl\/blog\/ryga-stolica-z-secesja-w-tle\/#primaryimage\"},\"image\":{\"@id\":\"https:\/\/www.atominium.com\/pl\/blog\/ryga-stolica-z-secesja-w-tle\/#primaryimage\"},\"thumbnailUrl\":\"https:\/\/blog-new.atominium.com\/wp-content\/uploads\/2012\/07\/secesja.jpg\",\"datePublished\":\"2012-07-24T11:55:45+00:00\",\"dateModified\":\"2023-10-30T13:30:53+00:00\",\"description\":\"Ryga: Per\u0142a secesji w Europie. Zapraszamy na wirtualny spacer po malowniczych uliczkach stolicy \u0141otwy na blogu Atominium.\",\"breadcrumb\":{\"@id\":\"https:\/\/www.atominium.com\/pl\/blog\/ryga-stolica-z-secesja-w-tle\/#breadcrumb\"},\"inLanguage\":\"pl-PL\",\"potentialAction\":[{\"@type\":\"ReadAction\",\"target\":[\"https:\/\/www.atominium.com\/pl\/blog\/ryga-stolica-z-secesja-w-tle\/\"]}]},{\"@type\":\"ImageObject\",\"inLanguage\":\"pl-PL\",\"@id\":\"https:\/\/www.atominium.com\/pl\/blog\/ryga-stolica-z-secesja-w-tle\/#primaryimage\",\"url\":\"https:\/\/blog-new.atominium.com\/wp-content\/uploads\/2012\/07\/secesja.jpg\",\"contentUrl\":\"https:\/\/blog-new.atominium.com\/wp-content\/uploads\/2012\/07\/secesja.jpg\"},{\"@type\":\"BreadcrumbList\",\"@id\":\"https:\/\/www.atominium.com\/pl\/blog\/ryga-stolica-z-secesja-w-tle\/#breadcrumb\",\"itemListElement\":[{\"@type\":\"ListItem\",\"position\":1,\"name\":\"Strona g\u0142\u00f3wna\",\"item\":\"https:\/\/www.atominium.com\/pl\/\"},{\"@type\":\"ListItem\",\"position\":2,\"name\":\"Ryga, stolica z secesj\u0105 w tle\"}]},{\"@type\":\"WebSite\",\"@id\":\"https:\/\/www.atominium.com\/pl\/#website\",\"url\":\"https:\/\/www.atominium.com\/pl\/\",\"name\":\"Biuro t\u0142umacze\u0144 specjalistycznych - Krak\u00f3w - Atominium\",\"description\":\"Darmowa wycena w 15 min. T\u0142umaczenia: zwyk\u0142e, ustne, przysi\u0119g\u0142e, online. Biuro t\u0142umacze\u0144 Krak\u00f3w Atominium - ekspert w dziedzinie przek\u0142ad\u00f3w.\",\"publisher\":{\"@id\":\"https:\/\/www.atominium.com\/pl\/#organization\"},\"potentialAction\":[{\"@type\":\"SearchAction\",\"target\":{\"@type\":\"EntryPoint\",\"urlTemplate\":\"https:\/\/www.atominium.com\/pl\/?s={search_term_string}\"},\"query-input\":{\"@type\":\"PropertyValueSpecification\",\"valueRequired\":true,\"valueName\":\"search_term_string\"}}],\"inLanguage\":\"pl-PL\"},{\"@type\":\"Organization\",\"@id\":\"https:\/\/www.atominium.com\/pl\/#organization\",\"name\":\"Biuro t\u0142umacze\u0144 specjalistycznych Atominium Krak\u00f3w\",\"alternateName\":\"Atominium\",\"url\":\"https:\/\/www.atominium.com\/pl\/\",\"logo\":{\"@type\":\"ImageObject\",\"inLanguage\":\"pl-PL\",\"@id\":\"https:\/\/www.atominium.com\/pl\/#\/schema\/logo\/image\/\",\"url\":\"https:\/\/www.atominium.com\/pl\/wp-content\/uploads\/2021\/02\/logo-atominium.png\",\"contentUrl\":\"https:\/\/www.atominium.com\/pl\/wp-content\/uploads\/2021\/02\/logo-atominium.png\",\"width\":573,\"height\":90,\"caption\":\"Biuro t\u0142umacze\u0144 specjalistycznych Atominium Krak\u00f3w\"},\"image\":{\"@id\":\"https:\/\/www.atominium.com\/pl\/#\/schema\/logo\/image\/\"},\"sameAs\":[\"https:\/\/www.facebook.com\/p\/Atominium-Specialist-Translation-Agency-100052230326775\/\"]},{\"@type\":\"Person\",\"@id\":\"https:\/\/www.atominium.com\/pl\/#\/schema\/person\/2906c27107092631f4bffe78591c1893\",\"name\":\"Atominium\",\"image\":{\"@type\":\"ImageObject\",\"inLanguage\":\"pl-PL\",\"@id\":\"https:\/\/www.atominium.com\/pl\/#\/schema\/person\/image\/\",\"url\":\"https:\/\/secure.gravatar.com\/avatar\/922668877ae1f08e285966e5bda08312911a5a8b93ae4cdc451508934c30b139?s=96&d=mm&r=g\",\"contentUrl\":\"https:\/\/secure.gravatar.com\/avatar\/922668877ae1f08e285966e5bda08312911a5a8b93ae4cdc451508934c30b139?s=96&d=mm&r=g\",\"caption\":\"Atominium\"},\"url\":\"https:\/\/www.atominium.com\/pl\/blog\/author\/m-skrzypkowski\/\"}]}<\/script>\n<!-- \/ Yoast SEO plugin. -->","yoast_head_json":{"title":"Ryga, stolica z secesj\u0105 w tle | Biuro t\u0142umacze\u0144 Atominium","description":"Ryga: Per\u0142a secesji w Europie. Zapraszamy na wirtualny spacer po malowniczych uliczkach stolicy \u0141otwy na blogu Atominium.","robots":{"index":"index","follow":"follow","max-snippet":"max-snippet:-1","max-image-preview":"max-image-preview:large","max-video-preview":"max-video-preview:-1"},"canonical":"https:\/\/www.atominium.com\/pl\/blog\/ryga-stolica-z-secesja-w-tle\/","og_locale":"pl_PL","og_type":"article","og_title":"Ryga, stolica z secesj\u0105 w tle | Biuro t\u0142umacze\u0144 Atominium","og_description":"Ryga: Per\u0142a secesji w Europie. Zapraszamy na wirtualny spacer po malowniczych uliczkach stolicy \u0141otwy na blogu Atominium.","og_url":"https:\/\/www.atominium.com\/pl\/blog\/ryga-stolica-z-secesja-w-tle\/","og_site_name":"Biuro t\u0142umacze\u0144 specjalistycznych - Krak\u00f3w - Atominium","article_publisher":"https:\/\/www.facebook.com\/p\/Atominium-Specialist-Translation-Agency-100052230326775\/","article_published_time":"2012-07-24T11:55:45+00:00","article_modified_time":"2023-10-30T13:30:53+00:00","og_image":[{"url":"https:\/\/blog-new.atominium.com\/wp-content\/uploads\/2012\/07\/secesja.jpg","type":"","width":"","height":""}],"author":"Atominium","schema":{"@context":"https:\/\/schema.org","@graph":[{"@type":"Article","@id":"https:\/\/www.atominium.com\/pl\/blog\/ryga-stolica-z-secesja-w-tle\/#article","isPartOf":{"@id":"https:\/\/www.atominium.com\/pl\/blog\/ryga-stolica-z-secesja-w-tle\/"},"author":{"name":"Atominium","@id":"https:\/\/www.atominium.com\/pl\/#\/schema\/person\/2906c27107092631f4bffe78591c1893"},"headline":"Ryga, stolica z secesj\u0105 w tle","datePublished":"2012-07-24T11:55:45+00:00","dateModified":"2023-10-30T13:30:53+00:00","mainEntityOfPage":{"@id":"https:\/\/www.atominium.com\/pl\/blog\/ryga-stolica-z-secesja-w-tle\/"},"wordCount":271,"publisher":{"@id":"https:\/\/www.atominium.com\/pl\/#organization"},"image":{"@id":"https:\/\/www.atominium.com\/pl\/blog\/ryga-stolica-z-secesja-w-tle\/#primaryimage"},"thumbnailUrl":"https:\/\/blog-new.atominium.com\/wp-content\/uploads\/2012\/07\/secesja.jpg","keywords":["Ryga","secesja","secesyjna Ryga","stolica \u0141otwy"],"articleSection":["K\u0105cik kulturalny","Podr\u00f3\u017ce"],"inLanguage":"pl-PL"},{"@type":"WebPage","@id":"https:\/\/www.atominium.com\/pl\/blog\/ryga-stolica-z-secesja-w-tle\/","url":"https:\/\/www.atominium.com\/pl\/blog\/ryga-stolica-z-secesja-w-tle\/","name":"Ryga, stolica z secesj\u0105 w tle | Biuro t\u0142umacze\u0144 Atominium","isPartOf":{"@id":"https:\/\/www.atominium.com\/pl\/#website"},"primaryImageOfPage":{"@id":"https:\/\/www.atominium.com\/pl\/blog\/ryga-stolica-z-secesja-w-tle\/#primaryimage"},"image":{"@id":"https:\/\/www.atominium.com\/pl\/blog\/ryga-stolica-z-secesja-w-tle\/#primaryimage"},"thumbnailUrl":"https:\/\/blog-new.atominium.com\/wp-content\/uploads\/2012\/07\/secesja.jpg","datePublished":"2012-07-24T11:55:45+00:00","dateModified":"2023-10-30T13:30:53+00:00","description":"Ryga: Per\u0142a secesji w Europie. Zapraszamy na wirtualny spacer po malowniczych uliczkach stolicy \u0141otwy na blogu Atominium.","breadcrumb":{"@id":"https:\/\/www.atominium.com\/pl\/blog\/ryga-stolica-z-secesja-w-tle\/#breadcrumb"},"inLanguage":"pl-PL","potentialAction":[{"@type":"ReadAction","target":["https:\/\/www.atominium.com\/pl\/blog\/ryga-stolica-z-secesja-w-tle\/"]}]},{"@type":"ImageObject","inLanguage":"pl-PL","@id":"https:\/\/www.atominium.com\/pl\/blog\/ryga-stolica-z-secesja-w-tle\/#primaryimage","url":"https:\/\/blog-new.atominium.com\/wp-content\/uploads\/2012\/07\/secesja.jpg","contentUrl":"https:\/\/blog-new.atominium.com\/wp-content\/uploads\/2012\/07\/secesja.jpg"},{"@type":"BreadcrumbList","@id":"https:\/\/www.atominium.com\/pl\/blog\/ryga-stolica-z-secesja-w-tle\/#breadcrumb","itemListElement":[{"@type":"ListItem","position":1,"name":"Strona g\u0142\u00f3wna","item":"https:\/\/www.atominium.com\/pl\/"},{"@type":"ListItem","position":2,"name":"Ryga, stolica z secesj\u0105 w tle"}]},{"@type":"WebSite","@id":"https:\/\/www.atominium.com\/pl\/#website","url":"https:\/\/www.atominium.com\/pl\/","name":"Biuro t\u0142umacze\u0144 specjalistycznych - Krak\u00f3w - Atominium","description":"Darmowa wycena w 15 min. T\u0142umaczenia: zwyk\u0142e, ustne, przysi\u0119g\u0142e, online. Biuro t\u0142umacze\u0144 Krak\u00f3w Atominium - ekspert w dziedzinie przek\u0142ad\u00f3w.","publisher":{"@id":"https:\/\/www.atominium.com\/pl\/#organization"},"potentialAction":[{"@type":"SearchAction","target":{"@type":"EntryPoint","urlTemplate":"https:\/\/www.atominium.com\/pl\/?s={search_term_string}"},"query-input":{"@type":"PropertyValueSpecification","valueRequired":true,"valueName":"search_term_string"}}],"inLanguage":"pl-PL"},{"@type":"Organization","@id":"https:\/\/www.atominium.com\/pl\/#organization","name":"Biuro t\u0142umacze\u0144 specjalistycznych Atominium Krak\u00f3w","alternateName":"Atominium","url":"https:\/\/www.atominium.com\/pl\/","logo":{"@type":"ImageObject","inLanguage":"pl-PL","@id":"https:\/\/www.atominium.com\/pl\/#\/schema\/logo\/image\/","url":"https:\/\/www.atominium.com\/pl\/wp-content\/uploads\/2021\/02\/logo-atominium.png","contentUrl":"https:\/\/www.atominium.com\/pl\/wp-content\/uploads\/2021\/02\/logo-atominium.png","width":573,"height":90,"caption":"Biuro t\u0142umacze\u0144 specjalistycznych Atominium Krak\u00f3w"},"image":{"@id":"https:\/\/www.atominium.com\/pl\/#\/schema\/logo\/image\/"},"sameAs":["https:\/\/www.facebook.com\/p\/Atominium-Specialist-Translation-Agency-100052230326775\/"]},{"@type":"Person","@id":"https:\/\/www.atominium.com\/pl\/#\/schema\/person\/2906c27107092631f4bffe78591c1893","name":"Atominium","image":{"@type":"ImageObject","inLanguage":"pl-PL","@id":"https:\/\/www.atominium.com\/pl\/#\/schema\/person\/image\/","url":"https:\/\/secure.gravatar.com\/avatar\/922668877ae1f08e285966e5bda08312911a5a8b93ae4cdc451508934c30b139?s=96&d=mm&r=g","contentUrl":"https:\/\/secure.gravatar.com\/avatar\/922668877ae1f08e285966e5bda08312911a5a8b93ae4cdc451508934c30b139?s=96&d=mm&r=g","caption":"Atominium"},"url":"https:\/\/www.atominium.com\/pl\/blog\/author\/m-skrzypkowski\/"}]}},"post_mailing_queue_ids":[],"_links":{"self":[{"href":"https:\/\/www.atominium.com\/pl\/wp-json\/wp\/v2\/posts\/5977","targetHints":{"allow":["GET"]}}],"collection":[{"href":"https:\/\/www.atominium.com\/pl\/wp-json\/wp\/v2\/posts"}],"about":[{"href":"https:\/\/www.atominium.com\/pl\/wp-json\/wp\/v2\/types\/post"}],"author":[{"embeddable":true,"href":"https:\/\/www.atominium.com\/pl\/wp-json\/wp\/v2\/users\/4"}],"replies":[{"embeddable":true,"href":"https:\/\/www.atominium.com\/pl\/wp-json\/wp\/v2\/comments?post=5977"}],"version-history":[{"count":1,"href":"https:\/\/www.atominium.com\/pl\/wp-json\/wp\/v2\/posts\/5977\/revisions"}],"predecessor-version":[{"id":16682,"href":"https:\/\/www.atominium.com\/pl\/wp-json\/wp\/v2\/posts\/5977\/revisions\/16682"}],"wp:attachment":[{"href":"https:\/\/www.atominium.com\/pl\/wp-json\/wp\/v2\/media?parent=5977"}],"wp:term":[{"taxonomy":"category","embeddable":true,"href":"https:\/\/www.atominium.com\/pl\/wp-json\/wp\/v2\/categories?post=5977"},{"taxonomy":"post_tag","embeddable":true,"href":"https:\/\/www.atominium.com\/pl\/wp-json\/wp\/v2\/tags?post=5977"}],"curies":[{"name":"wp","href":"https:\/\/api.w.org\/{rel}","templated":true}]}}