{"id":5928,"date":"2012-07-16T12:10:06","date_gmt":"2012-07-16T10:10:06","guid":{"rendered":"https:\/\/blog-new.atominium.com\/?p=5928"},"modified":"2023-10-30T14:33:18","modified_gmt":"2023-10-30T13:33:18","slug":"tour-de-pologne-pod-oknami-atominium","status":"publish","type":"post","link":"https:\/\/www.atominium.com\/pl\/blog\/tour-de-pologne-pod-oknami-atominium\/","title":{"rendered":"Tour de Pologne pod oknami Atominium"},"content":{"rendered":"<figure id=\"attachment_5929\" aria-describedby=\"caption-attachment-5929\" style=\"width: 507px\" class=\"wp-caption aligncenter\"><img fetchpriority=\"high\" decoding=\"async\" class=\"wp-image-5929 size-full\" title=\"Tour de Pologne, \u0179r\u00f3d\u0142o: tourdepologne.pl\" src=\"https:\/\/blog-new.atominium.com\/wp-content\/uploads\/2012\/07\/tour-deee.jpg\" alt=\"Tour de Pologne pod oknami Atominium\" width=\"507\" height=\"337\" \/><figcaption id=\"caption-attachment-5929\" class=\"wp-caption-text\">Tour de Pologne, \u0179r\u00f3d\u0142o: tourdepologne.pl<\/figcaption><\/figure>\n<p style=\"text-align: justify;\">\n<p style=\"text-align: justify;\">W dniu dzisiejszym odb\u0119dzie si\u0119 VII, ostatni etap tegorocznego Tour De Pologne. Ca\u0142a impreza zosta\u0142a obj\u0119ta honorowym patronatem Prezydenta Rzeczpospolitej Polskiej, Bronis\u0142awa Komorowskiego.<\/p>\n<p style=\"text-align: justify;\">Wiecie, jaka jest trasa przejazdu? Po przejechaniu przez Rynek G\u0142\u00f3wny uczestnicy wjad\u0105 w ulic\u0119 \u015bw. Anny, a potem ulic\u0105 Studenck\u0105 i Krupnicz\u0105 b\u0119d\u0105 przeje\u017cd\u017ca\u0107 dos\u0142ownie pod naszymi oknami! Ju\u017c za kilka godzin b\u0119dziemy im kibicowa\u0107 z naszego biura \ud83d\ude09<\/p>\n<p style=\"text-align: justify;\">Wi\u0119cej informacji znajdziecie na stronie organizatora <a href=\"http:\/\/tourdepologne.pl\/\">http:\/\/tourdepologne.pl\/<\/a><\/p>\n<p style=\"text-align: justify;\">\n","protected":false},"excerpt":{"rendered":"<p>Wiecie, jaka jest trasa przejazdu? Po przejechaniu przez Rynek G\u0142\u00f3wny uczestnicy wjad\u0105 w ulic\u0119 \u015bw. Anny, a potem ulic\u0105 Studenck\u0105 i Krupnicz\u0105 b\u0119d\u0105 przeje\u017cd\u017ca\u0107 dos\u0142ownie pod naszymi oknami! Ju\u017c za kilka godzin b\u0119dziemy im kibicowa\u0107 z naszego biura \ud83d\ude09<\/p>\n","protected":false},"author":4,"featured_media":0,"comment_status":"closed","ping_status":"closed","sticky":false,"template":"","format":"standard","meta":{"footnotes":""},"categories":[16,43],"tags":[1851,1852,1853],"class_list":["post-5928","post","type-post","status-publish","format-standard","hentry","category-kacik-kulturalny","category-wydarzenia-2","tag-krakow-rowerzysci","tag-tour-de-pologne","tag-tour-de-pologne-krakow"],"yoast_head":"<!-- This site is optimized with the Yoast SEO plugin v24.2 - https:\/\/yoast.com\/wordpress\/plugins\/seo\/ -->\n<title>Tour de Pologne pod oknami Atominium | Biuro t\u0142umacze\u0144 Atominium<\/title>\n<meta name=\"description\" content=\"Tour de Pologne pod oknami Atominium - historie, emocje i pasja. Dowiedz si\u0119 wi\u0119cej na naszym blogu.\" \/>\n<meta name=\"robots\" content=\"index, follow, max-snippet:-1, max-image-preview:large, max-video-preview:-1\" \/>\n<link rel=\"canonical\" href=\"https:\/\/www.atominium.com\/pl\/blog\/tour-de-pologne-pod-oknami-atominium\/\" \/>\n<meta property=\"og:locale\" content=\"pl_PL\" \/>\n<meta property=\"og:type\" content=\"article\" \/>\n<meta property=\"og:title\" content=\"Tour de Pologne pod oknami Atominium | Biuro t\u0142umacze\u0144 Atominium\" \/>\n<meta property=\"og:description\" content=\"Tour de Pologne pod oknami Atominium - historie, emocje i pasja. Dowiedz si\u0119 wi\u0119cej na naszym blogu.\" \/>\n<meta property=\"og:url\" content=\"https:\/\/www.atominium.com\/pl\/blog\/tour-de-pologne-pod-oknami-atominium\/\" \/>\n<meta property=\"og:site_name\" content=\"Biuro t\u0142umacze\u0144 specjalistycznych - Krak\u00f3w - Atominium\" \/>\n<meta property=\"article:publisher\" content=\"https:\/\/www.facebook.com\/p\/Atominium-Specialist-Translation-Agency-100052230326775\/\" \/>\n<meta property=\"article:published_time\" content=\"2012-07-16T10:10:06+00:00\" \/>\n<meta property=\"article:modified_time\" content=\"2023-10-30T13:33:18+00:00\" \/>\n<meta property=\"og:image\" content=\"https:\/\/blog-new.atominium.com\/wp-content\/uploads\/2012\/07\/tour-deee.jpg\" \/>\n<meta name=\"author\" content=\"Atominium\" \/>\n<script type=\"application\/ld+json\" class=\"yoast-schema-graph\">{\"@context\":\"https:\/\/schema.org\",\"@graph\":[{\"@type\":\"Article\",\"@id\":\"https:\/\/www.atominium.com\/pl\/blog\/tour-de-pologne-pod-oknami-atominium\/#article\",\"isPartOf\":{\"@id\":\"https:\/\/www.atominium.com\/pl\/blog\/tour-de-pologne-pod-oknami-atominium\/\"},\"author\":{\"name\":\"Atominium\",\"@id\":\"https:\/\/www.atominium.com\/pl\/#\/schema\/person\/2906c27107092631f4bffe78591c1893\"},\"headline\":\"Tour de Pologne pod oknami Atominium\",\"datePublished\":\"2012-07-16T10:10:06+00:00\",\"dateModified\":\"2023-10-30T13:33:18+00:00\",\"mainEntityOfPage\":{\"@id\":\"https:\/\/www.atominium.com\/pl\/blog\/tour-de-pologne-pod-oknami-atominium\/\"},\"wordCount\":103,\"publisher\":{\"@id\":\"https:\/\/www.atominium.com\/pl\/#organization\"},\"image\":{\"@id\":\"https:\/\/www.atominium.com\/pl\/blog\/tour-de-pologne-pod-oknami-atominium\/#primaryimage\"},\"thumbnailUrl\":\"https:\/\/blog-new.atominium.com\/wp-content\/uploads\/2012\/07\/tour-deee.jpg\",\"keywords\":[\"Krak\u00f3w rowerzy\u015bci\",\"Tour de Pologne\",\"Tour de Pologne Krak\u00f3w\"],\"articleSection\":[\"K\u0105cik kulturalny\",\"Wydarzenia\"],\"inLanguage\":\"pl-PL\"},{\"@type\":\"WebPage\",\"@id\":\"https:\/\/www.atominium.com\/pl\/blog\/tour-de-pologne-pod-oknami-atominium\/\",\"url\":\"https:\/\/www.atominium.com\/pl\/blog\/tour-de-pologne-pod-oknami-atominium\/\",\"name\":\"Tour de Pologne pod oknami Atominium | Biuro t\u0142umacze\u0144 Atominium\",\"isPartOf\":{\"@id\":\"https:\/\/www.atominium.com\/pl\/#website\"},\"primaryImageOfPage\":{\"@id\":\"https:\/\/www.atominium.com\/pl\/blog\/tour-de-pologne-pod-oknami-atominium\/#primaryimage\"},\"image\":{\"@id\":\"https:\/\/www.atominium.com\/pl\/blog\/tour-de-pologne-pod-oknami-atominium\/#primaryimage\"},\"thumbnailUrl\":\"https:\/\/blog-new.atominium.com\/wp-content\/uploads\/2012\/07\/tour-deee.jpg\",\"datePublished\":\"2012-07-16T10:10:06+00:00\",\"dateModified\":\"2023-10-30T13:33:18+00:00\",\"description\":\"Tour de Pologne pod oknami Atominium - historie, emocje i pasja. Dowiedz si\u0119 wi\u0119cej na naszym blogu.\",\"breadcrumb\":{\"@id\":\"https:\/\/www.atominium.com\/pl\/blog\/tour-de-pologne-pod-oknami-atominium\/#breadcrumb\"},\"inLanguage\":\"pl-PL\",\"potentialAction\":[{\"@type\":\"ReadAction\",\"target\":[\"https:\/\/www.atominium.com\/pl\/blog\/tour-de-pologne-pod-oknami-atominium\/\"]}]},{\"@type\":\"ImageObject\",\"inLanguage\":\"pl-PL\",\"@id\":\"https:\/\/www.atominium.com\/pl\/blog\/tour-de-pologne-pod-oknami-atominium\/#primaryimage\",\"url\":\"https:\/\/blog-new.atominium.com\/wp-content\/uploads\/2012\/07\/tour-deee.jpg\",\"contentUrl\":\"https:\/\/blog-new.atominium.com\/wp-content\/uploads\/2012\/07\/tour-deee.jpg\"},{\"@type\":\"BreadcrumbList\",\"@id\":\"https:\/\/www.atominium.com\/pl\/blog\/tour-de-pologne-pod-oknami-atominium\/#breadcrumb\",\"itemListElement\":[{\"@type\":\"ListItem\",\"position\":1,\"name\":\"Strona g\u0142\u00f3wna\",\"item\":\"https:\/\/www.atominium.com\/pl\/\"},{\"@type\":\"ListItem\",\"position\":2,\"name\":\"Tour de Pologne pod oknami Atominium\"}]},{\"@type\":\"WebSite\",\"@id\":\"https:\/\/www.atominium.com\/pl\/#website\",\"url\":\"https:\/\/www.atominium.com\/pl\/\",\"name\":\"Biuro t\u0142umacze\u0144 specjalistycznych - Krak\u00f3w - Atominium\",\"description\":\"Darmowa wycena w 15 min. T\u0142umaczenia: zwyk\u0142e, ustne, przysi\u0119g\u0142e, online. Biuro t\u0142umacze\u0144 Krak\u00f3w Atominium - ekspert w dziedzinie przek\u0142ad\u00f3w.\",\"publisher\":{\"@id\":\"https:\/\/www.atominium.com\/pl\/#organization\"},\"potentialAction\":[{\"@type\":\"SearchAction\",\"target\":{\"@type\":\"EntryPoint\",\"urlTemplate\":\"https:\/\/www.atominium.com\/pl\/?s={search_term_string}\"},\"query-input\":{\"@type\":\"PropertyValueSpecification\",\"valueRequired\":true,\"valueName\":\"search_term_string\"}}],\"inLanguage\":\"pl-PL\"},{\"@type\":\"Organization\",\"@id\":\"https:\/\/www.atominium.com\/pl\/#organization\",\"name\":\"Biuro t\u0142umacze\u0144 specjalistycznych Atominium Krak\u00f3w\",\"alternateName\":\"Atominium\",\"url\":\"https:\/\/www.atominium.com\/pl\/\",\"logo\":{\"@type\":\"ImageObject\",\"inLanguage\":\"pl-PL\",\"@id\":\"https:\/\/www.atominium.com\/pl\/#\/schema\/logo\/image\/\",\"url\":\"https:\/\/www.atominium.com\/pl\/wp-content\/uploads\/2021\/02\/logo-atominium.png\",\"contentUrl\":\"https:\/\/www.atominium.com\/pl\/wp-content\/uploads\/2021\/02\/logo-atominium.png\",\"width\":573,\"height\":90,\"caption\":\"Biuro t\u0142umacze\u0144 specjalistycznych Atominium Krak\u00f3w\"},\"image\":{\"@id\":\"https:\/\/www.atominium.com\/pl\/#\/schema\/logo\/image\/\"},\"sameAs\":[\"https:\/\/www.facebook.com\/p\/Atominium-Specialist-Translation-Agency-100052230326775\/\"]},{\"@type\":\"Person\",\"@id\":\"https:\/\/www.atominium.com\/pl\/#\/schema\/person\/2906c27107092631f4bffe78591c1893\",\"name\":\"Atominium\",\"image\":{\"@type\":\"ImageObject\",\"inLanguage\":\"pl-PL\",\"@id\":\"https:\/\/www.atominium.com\/pl\/#\/schema\/person\/image\/\",\"url\":\"https:\/\/secure.gravatar.com\/avatar\/922668877ae1f08e285966e5bda08312911a5a8b93ae4cdc451508934c30b139?s=96&d=mm&r=g\",\"contentUrl\":\"https:\/\/secure.gravatar.com\/avatar\/922668877ae1f08e285966e5bda08312911a5a8b93ae4cdc451508934c30b139?s=96&d=mm&r=g\",\"caption\":\"Atominium\"},\"url\":\"https:\/\/www.atominium.com\/pl\/blog\/author\/m-skrzypkowski\/\"}]}<\/script>\n<!-- \/ Yoast SEO plugin. -->","yoast_head_json":{"title":"Tour de Pologne pod oknami Atominium | Biuro t\u0142umacze\u0144 Atominium","description":"Tour de Pologne pod oknami Atominium - historie, emocje i pasja. Dowiedz si\u0119 wi\u0119cej na naszym blogu.","robots":{"index":"index","follow":"follow","max-snippet":"max-snippet:-1","max-image-preview":"max-image-preview:large","max-video-preview":"max-video-preview:-1"},"canonical":"https:\/\/www.atominium.com\/pl\/blog\/tour-de-pologne-pod-oknami-atominium\/","og_locale":"pl_PL","og_type":"article","og_title":"Tour de Pologne pod oknami Atominium | Biuro t\u0142umacze\u0144 Atominium","og_description":"Tour de Pologne pod oknami Atominium - historie, emocje i pasja. Dowiedz si\u0119 wi\u0119cej na naszym blogu.","og_url":"https:\/\/www.atominium.com\/pl\/blog\/tour-de-pologne-pod-oknami-atominium\/","og_site_name":"Biuro t\u0142umacze\u0144 specjalistycznych - Krak\u00f3w - Atominium","article_publisher":"https:\/\/www.facebook.com\/p\/Atominium-Specialist-Translation-Agency-100052230326775\/","article_published_time":"2012-07-16T10:10:06+00:00","article_modified_time":"2023-10-30T13:33:18+00:00","og_image":[{"url":"https:\/\/blog-new.atominium.com\/wp-content\/uploads\/2012\/07\/tour-deee.jpg","type":"","width":"","height":""}],"author":"Atominium","schema":{"@context":"https:\/\/schema.org","@graph":[{"@type":"Article","@id":"https:\/\/www.atominium.com\/pl\/blog\/tour-de-pologne-pod-oknami-atominium\/#article","isPartOf":{"@id":"https:\/\/www.atominium.com\/pl\/blog\/tour-de-pologne-pod-oknami-atominium\/"},"author":{"name":"Atominium","@id":"https:\/\/www.atominium.com\/pl\/#\/schema\/person\/2906c27107092631f4bffe78591c1893"},"headline":"Tour de Pologne pod oknami Atominium","datePublished":"2012-07-16T10:10:06+00:00","dateModified":"2023-10-30T13:33:18+00:00","mainEntityOfPage":{"@id":"https:\/\/www.atominium.com\/pl\/blog\/tour-de-pologne-pod-oknami-atominium\/"},"wordCount":103,"publisher":{"@id":"https:\/\/www.atominium.com\/pl\/#organization"},"image":{"@id":"https:\/\/www.atominium.com\/pl\/blog\/tour-de-pologne-pod-oknami-atominium\/#primaryimage"},"thumbnailUrl":"https:\/\/blog-new.atominium.com\/wp-content\/uploads\/2012\/07\/tour-deee.jpg","keywords":["Krak\u00f3w rowerzy\u015bci","Tour de Pologne","Tour de Pologne Krak\u00f3w"],"articleSection":["K\u0105cik kulturalny","Wydarzenia"],"inLanguage":"pl-PL"},{"@type":"WebPage","@id":"https:\/\/www.atominium.com\/pl\/blog\/tour-de-pologne-pod-oknami-atominium\/","url":"https:\/\/www.atominium.com\/pl\/blog\/tour-de-pologne-pod-oknami-atominium\/","name":"Tour de Pologne pod oknami Atominium | Biuro t\u0142umacze\u0144 Atominium","isPartOf":{"@id":"https:\/\/www.atominium.com\/pl\/#website"},"primaryImageOfPage":{"@id":"https:\/\/www.atominium.com\/pl\/blog\/tour-de-pologne-pod-oknami-atominium\/#primaryimage"},"image":{"@id":"https:\/\/www.atominium.com\/pl\/blog\/tour-de-pologne-pod-oknami-atominium\/#primaryimage"},"thumbnailUrl":"https:\/\/blog-new.atominium.com\/wp-content\/uploads\/2012\/07\/tour-deee.jpg","datePublished":"2012-07-16T10:10:06+00:00","dateModified":"2023-10-30T13:33:18+00:00","description":"Tour de Pologne pod oknami Atominium - historie, emocje i pasja. Dowiedz si\u0119 wi\u0119cej na naszym blogu.","breadcrumb":{"@id":"https:\/\/www.atominium.com\/pl\/blog\/tour-de-pologne-pod-oknami-atominium\/#breadcrumb"},"inLanguage":"pl-PL","potentialAction":[{"@type":"ReadAction","target":["https:\/\/www.atominium.com\/pl\/blog\/tour-de-pologne-pod-oknami-atominium\/"]}]},{"@type":"ImageObject","inLanguage":"pl-PL","@id":"https:\/\/www.atominium.com\/pl\/blog\/tour-de-pologne-pod-oknami-atominium\/#primaryimage","url":"https:\/\/blog-new.atominium.com\/wp-content\/uploads\/2012\/07\/tour-deee.jpg","contentUrl":"https:\/\/blog-new.atominium.com\/wp-content\/uploads\/2012\/07\/tour-deee.jpg"},{"@type":"BreadcrumbList","@id":"https:\/\/www.atominium.com\/pl\/blog\/tour-de-pologne-pod-oknami-atominium\/#breadcrumb","itemListElement":[{"@type":"ListItem","position":1,"name":"Strona g\u0142\u00f3wna","item":"https:\/\/www.atominium.com\/pl\/"},{"@type":"ListItem","position":2,"name":"Tour de Pologne pod oknami Atominium"}]},{"@type":"WebSite","@id":"https:\/\/www.atominium.com\/pl\/#website","url":"https:\/\/www.atominium.com\/pl\/","name":"Biuro t\u0142umacze\u0144 specjalistycznych - Krak\u00f3w - Atominium","description":"Darmowa wycena w 15 min. T\u0142umaczenia: zwyk\u0142e, ustne, przysi\u0119g\u0142e, online. Biuro t\u0142umacze\u0144 Krak\u00f3w Atominium - ekspert w dziedzinie przek\u0142ad\u00f3w.","publisher":{"@id":"https:\/\/www.atominium.com\/pl\/#organization"},"potentialAction":[{"@type":"SearchAction","target":{"@type":"EntryPoint","urlTemplate":"https:\/\/www.atominium.com\/pl\/?s={search_term_string}"},"query-input":{"@type":"PropertyValueSpecification","valueRequired":true,"valueName":"search_term_string"}}],"inLanguage":"pl-PL"},{"@type":"Organization","@id":"https:\/\/www.atominium.com\/pl\/#organization","name":"Biuro t\u0142umacze\u0144 specjalistycznych Atominium Krak\u00f3w","alternateName":"Atominium","url":"https:\/\/www.atominium.com\/pl\/","logo":{"@type":"ImageObject","inLanguage":"pl-PL","@id":"https:\/\/www.atominium.com\/pl\/#\/schema\/logo\/image\/","url":"https:\/\/www.atominium.com\/pl\/wp-content\/uploads\/2021\/02\/logo-atominium.png","contentUrl":"https:\/\/www.atominium.com\/pl\/wp-content\/uploads\/2021\/02\/logo-atominium.png","width":573,"height":90,"caption":"Biuro t\u0142umacze\u0144 specjalistycznych Atominium Krak\u00f3w"},"image":{"@id":"https:\/\/www.atominium.com\/pl\/#\/schema\/logo\/image\/"},"sameAs":["https:\/\/www.facebook.com\/p\/Atominium-Specialist-Translation-Agency-100052230326775\/"]},{"@type":"Person","@id":"https:\/\/www.atominium.com\/pl\/#\/schema\/person\/2906c27107092631f4bffe78591c1893","name":"Atominium","image":{"@type":"ImageObject","inLanguage":"pl-PL","@id":"https:\/\/www.atominium.com\/pl\/#\/schema\/person\/image\/","url":"https:\/\/secure.gravatar.com\/avatar\/922668877ae1f08e285966e5bda08312911a5a8b93ae4cdc451508934c30b139?s=96&d=mm&r=g","contentUrl":"https:\/\/secure.gravatar.com\/avatar\/922668877ae1f08e285966e5bda08312911a5a8b93ae4cdc451508934c30b139?s=96&d=mm&r=g","caption":"Atominium"},"url":"https:\/\/www.atominium.com\/pl\/blog\/author\/m-skrzypkowski\/"}]}},"post_mailing_queue_ids":[],"_links":{"self":[{"href":"https:\/\/www.atominium.com\/pl\/wp-json\/wp\/v2\/posts\/5928","targetHints":{"allow":["GET"]}}],"collection":[{"href":"https:\/\/www.atominium.com\/pl\/wp-json\/wp\/v2\/posts"}],"about":[{"href":"https:\/\/www.atominium.com\/pl\/wp-json\/wp\/v2\/types\/post"}],"author":[{"embeddable":true,"href":"https:\/\/www.atominium.com\/pl\/wp-json\/wp\/v2\/users\/4"}],"replies":[{"embeddable":true,"href":"https:\/\/www.atominium.com\/pl\/wp-json\/wp\/v2\/comments?post=5928"}],"version-history":[{"count":1,"href":"https:\/\/www.atominium.com\/pl\/wp-json\/wp\/v2\/posts\/5928\/revisions"}],"predecessor-version":[{"id":16684,"href":"https:\/\/www.atominium.com\/pl\/wp-json\/wp\/v2\/posts\/5928\/revisions\/16684"}],"wp:attachment":[{"href":"https:\/\/www.atominium.com\/pl\/wp-json\/wp\/v2\/media?parent=5928"}],"wp:term":[{"taxonomy":"category","embeddable":true,"href":"https:\/\/www.atominium.com\/pl\/wp-json\/wp\/v2\/categories?post=5928"},{"taxonomy":"post_tag","embeddable":true,"href":"https:\/\/www.atominium.com\/pl\/wp-json\/wp\/v2\/tags?post=5928"}],"curies":[{"name":"wp","href":"https:\/\/api.w.org\/{rel}","templated":true}]}}