{"id":4866,"date":"2011-10-06T14:59:01","date_gmt":"2011-10-06T12:59:01","guid":{"rendered":"https:\/\/blog-new.atominium.com\/?p=4866"},"modified":"2023-10-31T12:18:00","modified_gmt":"2023-10-31T11:18:00","slug":"poetycki-nobel","status":"publish","type":"post","link":"https:\/\/www.atominium.com\/pl\/blog\/poetycki-nobel\/","title":{"rendered":"Poetycki Nobel"},"content":{"rendered":"<p style=\"text-align: justify;\">Dzi\u015b, po raz 110., zosta\u0142a przyznana literacka Nagroda Nobla. Tegoroczny laureat by\u0142 i nie by\u0142 zaskoczeniem. <a href=\"https:\/\/www.atominium.com\">Szwedzki<\/a> poeta Tomas Transtr\u00f6mer by\u0142 w czo\u0142\u00f3wce kandydat\u00f3w do nagrody od lat dziewi\u0119\u0107dziesi\u0105tych. Zaskoczeniem, oczywi\u015bcie mi\u0142ym, by\u0142o jedynie to, \u017ce po raz pierwszy od wielu lat Nobel trafi\u0142 w r\u0119ce poety. Ostatnie lata nale\u017ca\u0142y bowiem do prozaik\u00f3w.<\/p>\n<p style=\"text-align: justify;\">Transtr\u00f6mer to poeta wyj\u0105tkowy: urodzony w 1931 roku w Szwecji, skupia si\u0119 w swej tw\u00f3rczo\u015bci na emocjach i religii. Opisuje swoje doznania religijne i to, co im towarzyszy. Jego poezja cz\u0119sto odnosi si\u0119 do muzyki oraz porusza problemy zagubienia cz\u0142owieka we wsp\u00f3\u0142czesnym \u015bwiecie.<\/p>\n<p style=\"text-align: justify;\">Co ciekawe, poeta, kt\u00f3ry o Nobla rywalizowa\u0142 z Wis\u0142aw\u0105 Szymborsk\u0105, jest jej dobrym przyjacielem. Z polsk\u0105 literatur\u0105 \u0142\u0105czy go jeszcze co\u015b \u2013 w 1990 roku dozna\u0142 udaru m\u00f3zgu, na skutek kt\u00f3rego utraci\u0142 zdolno\u015b\u0107 m\u00f3wienia \u2013 podobnie jak S\u0142awomir Mro\u017cek. I podobnie jak Mro\u017ckowi, w rehabilitacji i powrocie do zdrowia pomog\u0142a mu literatura.<\/p>\n<p style=\"text-align: justify;\">Poezja Transtr\u00f6mera by\u0142a <a href=\"https:\/\/www.atominium.com\">t\u0142umaczona<\/a> na wiele j\u0119zyk\u00f3w, w tym polski: \u201eMoja przedmowa do ciszy\u201d (1992), \u201eMuzeum motyli\u201d (1994), \u201eGondola \u017ca\u0142obna\u201d (1996), \u201eP\u00f3\u017anojesienny labirynt\u201d (1997), \u201eNiebieski dom\u201d (2000), \u201ePods\u0142uchany horyzont\u201d (2005).<\/p>\n","protected":false},"excerpt":{"rendered":"<p>Dzi\u015b, po raz 110., zosta\u0142a przyznana Literacka Nagroda Nobla. Tegoroczny laureat by\u0142 i nie by\u0142 zaskoczeniem. Szwedzki poeta Tomas Transtroemer by\u0142 w czo\u0142\u00f3wce kandydat\u00f3w do nagrody od lat dziewi\u0119\u0107dziesi\u0105tych. Zaskoczeniem, oczywi\u015bcie mi\u0142ym, by\u0142o jedynie to, \u017ce po raz pierwszy od wielu lat Nobel trafi\u0142 w r\u0119ce poety. Ostatnie lata nale\u017ca\u0142y bowiem do prozaik\u00f3w.<\/p>\n<p>Transtroemer to poeta wyj\u0105tkowy: urodzony w 1931 roku w Szwecji, skupia si\u0119 w swej tw\u00f3rczo\u015bci na emocjach i religii. Opisuje swoje doznania religijne i to, co im towarzyszy. Jego poezja cz\u0119sto odnosi si\u0119 do muzyki oraz porusza problemy zagubienia cz\u0142owieka we wsp\u00f3\u0142czesnym \u015bwiecie.<\/p>\n","protected":false},"author":4,"featured_media":0,"comment_status":"closed","ping_status":"closed","sticky":false,"template":"","format":"standard","meta":{"footnotes":""},"categories":[40],"tags":[1609,1262,308,309,490,1610,1611,1612,1613],"class_list":["post-4866","post","type-post","status-publish","format-standard","hentry","category-miedzy-slowami","tag-afazja","tag-nagroda","tag-nagroda-nobla","tag-nobel","tag-poezja","tag-szwecja","tag-transtroemer","tag-transtromer","tag-udar"],"yoast_head":"<!-- This site is optimized with the Yoast SEO plugin v24.2 - https:\/\/yoast.com\/wordpress\/plugins\/seo\/ -->\n<title>Poetycki Nobel | Biuro t\u0142umacze\u0144 Atominium<\/title>\n<meta name=\"description\" content=\"Nagroda Nobla jako wyznacznik doskona\u0142o\u015bci w literaturze. Odkryj wybitnego poet\u0119 nagrodzonego tym presti\u017cowym wyr\u00f3\u017cnieniem na blogu Atominium.\" \/>\n<meta name=\"robots\" content=\"index, follow, max-snippet:-1, max-image-preview:large, max-video-preview:-1\" \/>\n<link rel=\"canonical\" href=\"https:\/\/www.atominium.com\/pl\/blog\/poetycki-nobel\/\" \/>\n<meta property=\"og:locale\" content=\"pl_PL\" \/>\n<meta property=\"og:type\" content=\"article\" \/>\n<meta property=\"og:title\" content=\"Poetycki Nobel | Biuro t\u0142umacze\u0144 Atominium\" \/>\n<meta property=\"og:description\" content=\"Nagroda Nobla jako wyznacznik doskona\u0142o\u015bci w literaturze. Odkryj wybitnego poet\u0119 nagrodzonego tym presti\u017cowym wyr\u00f3\u017cnieniem na blogu Atominium.\" \/>\n<meta property=\"og:url\" content=\"https:\/\/www.atominium.com\/pl\/blog\/poetycki-nobel\/\" \/>\n<meta property=\"og:site_name\" content=\"Biuro t\u0142umacze\u0144 specjalistycznych - Krak\u00f3w - Atominium\" \/>\n<meta property=\"article:publisher\" content=\"https:\/\/www.facebook.com\/p\/Atominium-Specialist-Translation-Agency-100052230326775\/\" \/>\n<meta property=\"article:published_time\" content=\"2011-10-06T12:59:01+00:00\" \/>\n<meta property=\"article:modified_time\" content=\"2023-10-31T11:18:00+00:00\" \/>\n<meta name=\"author\" content=\"Atominium\" \/>\n<script type=\"application\/ld+json\" class=\"yoast-schema-graph\">{\"@context\":\"https:\/\/schema.org\",\"@graph\":[{\"@type\":\"Article\",\"@id\":\"https:\/\/www.atominium.com\/pl\/blog\/poetycki-nobel\/#article\",\"isPartOf\":{\"@id\":\"https:\/\/www.atominium.com\/pl\/blog\/poetycki-nobel\/\"},\"author\":{\"name\":\"Atominium\",\"@id\":\"https:\/\/www.atominium.com\/pl\/#\/schema\/person\/2906c27107092631f4bffe78591c1893\"},\"headline\":\"Poetycki Nobel\",\"datePublished\":\"2011-10-06T12:59:01+00:00\",\"dateModified\":\"2023-10-31T11:18:00+00:00\",\"mainEntityOfPage\":{\"@id\":\"https:\/\/www.atominium.com\/pl\/blog\/poetycki-nobel\/\"},\"wordCount\":206,\"publisher\":{\"@id\":\"https:\/\/www.atominium.com\/pl\/#organization\"},\"keywords\":[\"afazja\",\"nagroda\",\"nagroda Nobla\",\"Nobel\",\"poezja\",\"Szwecja\",\"transtroemer\",\"transtromer\",\"udar\"],\"articleSection\":[\"Mi\u0119dzy s\u0142owami\"],\"inLanguage\":\"pl-PL\"},{\"@type\":\"WebPage\",\"@id\":\"https:\/\/www.atominium.com\/pl\/blog\/poetycki-nobel\/\",\"url\":\"https:\/\/www.atominium.com\/pl\/blog\/poetycki-nobel\/\",\"name\":\"Poetycki Nobel | Biuro t\u0142umacze\u0144 Atominium\",\"isPartOf\":{\"@id\":\"https:\/\/www.atominium.com\/pl\/#website\"},\"datePublished\":\"2011-10-06T12:59:01+00:00\",\"dateModified\":\"2023-10-31T11:18:00+00:00\",\"description\":\"Nagroda Nobla jako wyznacznik doskona\u0142o\u015bci w literaturze. Odkryj wybitnego poet\u0119 nagrodzonego tym presti\u017cowym wyr\u00f3\u017cnieniem na blogu Atominium.\",\"breadcrumb\":{\"@id\":\"https:\/\/www.atominium.com\/pl\/blog\/poetycki-nobel\/#breadcrumb\"},\"inLanguage\":\"pl-PL\",\"potentialAction\":[{\"@type\":\"ReadAction\",\"target\":[\"https:\/\/www.atominium.com\/pl\/blog\/poetycki-nobel\/\"]}]},{\"@type\":\"BreadcrumbList\",\"@id\":\"https:\/\/www.atominium.com\/pl\/blog\/poetycki-nobel\/#breadcrumb\",\"itemListElement\":[{\"@type\":\"ListItem\",\"position\":1,\"name\":\"Strona g\u0142\u00f3wna\",\"item\":\"https:\/\/www.atominium.com\/pl\/\"},{\"@type\":\"ListItem\",\"position\":2,\"name\":\"Poetycki Nobel\"}]},{\"@type\":\"WebSite\",\"@id\":\"https:\/\/www.atominium.com\/pl\/#website\",\"url\":\"https:\/\/www.atominium.com\/pl\/\",\"name\":\"Biuro t\u0142umacze\u0144 specjalistycznych - Krak\u00f3w - Atominium\",\"description\":\"Darmowa wycena w 15 min. T\u0142umaczenia: zwyk\u0142e, ustne, przysi\u0119g\u0142e, online. Biuro t\u0142umacze\u0144 Krak\u00f3w Atominium - ekspert w dziedzinie przek\u0142ad\u00f3w.\",\"publisher\":{\"@id\":\"https:\/\/www.atominium.com\/pl\/#organization\"},\"potentialAction\":[{\"@type\":\"SearchAction\",\"target\":{\"@type\":\"EntryPoint\",\"urlTemplate\":\"https:\/\/www.atominium.com\/pl\/?s={search_term_string}\"},\"query-input\":{\"@type\":\"PropertyValueSpecification\",\"valueRequired\":true,\"valueName\":\"search_term_string\"}}],\"inLanguage\":\"pl-PL\"},{\"@type\":\"Organization\",\"@id\":\"https:\/\/www.atominium.com\/pl\/#organization\",\"name\":\"Biuro t\u0142umacze\u0144 specjalistycznych Atominium Krak\u00f3w\",\"alternateName\":\"Atominium\",\"url\":\"https:\/\/www.atominium.com\/pl\/\",\"logo\":{\"@type\":\"ImageObject\",\"inLanguage\":\"pl-PL\",\"@id\":\"https:\/\/www.atominium.com\/pl\/#\/schema\/logo\/image\/\",\"url\":\"https:\/\/www.atominium.com\/pl\/wp-content\/uploads\/2021\/02\/logo-atominium.png\",\"contentUrl\":\"https:\/\/www.atominium.com\/pl\/wp-content\/uploads\/2021\/02\/logo-atominium.png\",\"width\":573,\"height\":90,\"caption\":\"Biuro t\u0142umacze\u0144 specjalistycznych Atominium Krak\u00f3w\"},\"image\":{\"@id\":\"https:\/\/www.atominium.com\/pl\/#\/schema\/logo\/image\/\"},\"sameAs\":[\"https:\/\/www.facebook.com\/p\/Atominium-Specialist-Translation-Agency-100052230326775\/\"]},{\"@type\":\"Person\",\"@id\":\"https:\/\/www.atominium.com\/pl\/#\/schema\/person\/2906c27107092631f4bffe78591c1893\",\"name\":\"Atominium\",\"image\":{\"@type\":\"ImageObject\",\"inLanguage\":\"pl-PL\",\"@id\":\"https:\/\/www.atominium.com\/pl\/#\/schema\/person\/image\/\",\"url\":\"https:\/\/secure.gravatar.com\/avatar\/922668877ae1f08e285966e5bda08312911a5a8b93ae4cdc451508934c30b139?s=96&d=mm&r=g\",\"contentUrl\":\"https:\/\/secure.gravatar.com\/avatar\/922668877ae1f08e285966e5bda08312911a5a8b93ae4cdc451508934c30b139?s=96&d=mm&r=g\",\"caption\":\"Atominium\"},\"url\":\"https:\/\/www.atominium.com\/pl\/blog\/author\/m-skrzypkowski\/\"}]}<\/script>\n<!-- \/ Yoast SEO plugin. -->","yoast_head_json":{"title":"Poetycki Nobel | Biuro t\u0142umacze\u0144 Atominium","description":"Nagroda Nobla jako wyznacznik doskona\u0142o\u015bci w literaturze. Odkryj wybitnego poet\u0119 nagrodzonego tym presti\u017cowym wyr\u00f3\u017cnieniem na blogu Atominium.","robots":{"index":"index","follow":"follow","max-snippet":"max-snippet:-1","max-image-preview":"max-image-preview:large","max-video-preview":"max-video-preview:-1"},"canonical":"https:\/\/www.atominium.com\/pl\/blog\/poetycki-nobel\/","og_locale":"pl_PL","og_type":"article","og_title":"Poetycki Nobel | Biuro t\u0142umacze\u0144 Atominium","og_description":"Nagroda Nobla jako wyznacznik doskona\u0142o\u015bci w literaturze. Odkryj wybitnego poet\u0119 nagrodzonego tym presti\u017cowym wyr\u00f3\u017cnieniem na blogu Atominium.","og_url":"https:\/\/www.atominium.com\/pl\/blog\/poetycki-nobel\/","og_site_name":"Biuro t\u0142umacze\u0144 specjalistycznych - Krak\u00f3w - Atominium","article_publisher":"https:\/\/www.facebook.com\/p\/Atominium-Specialist-Translation-Agency-100052230326775\/","article_published_time":"2011-10-06T12:59:01+00:00","article_modified_time":"2023-10-31T11:18:00+00:00","author":"Atominium","schema":{"@context":"https:\/\/schema.org","@graph":[{"@type":"Article","@id":"https:\/\/www.atominium.com\/pl\/blog\/poetycki-nobel\/#article","isPartOf":{"@id":"https:\/\/www.atominium.com\/pl\/blog\/poetycki-nobel\/"},"author":{"name":"Atominium","@id":"https:\/\/www.atominium.com\/pl\/#\/schema\/person\/2906c27107092631f4bffe78591c1893"},"headline":"Poetycki Nobel","datePublished":"2011-10-06T12:59:01+00:00","dateModified":"2023-10-31T11:18:00+00:00","mainEntityOfPage":{"@id":"https:\/\/www.atominium.com\/pl\/blog\/poetycki-nobel\/"},"wordCount":206,"publisher":{"@id":"https:\/\/www.atominium.com\/pl\/#organization"},"keywords":["afazja","nagroda","nagroda Nobla","Nobel","poezja","Szwecja","transtroemer","transtromer","udar"],"articleSection":["Mi\u0119dzy s\u0142owami"],"inLanguage":"pl-PL"},{"@type":"WebPage","@id":"https:\/\/www.atominium.com\/pl\/blog\/poetycki-nobel\/","url":"https:\/\/www.atominium.com\/pl\/blog\/poetycki-nobel\/","name":"Poetycki Nobel | Biuro t\u0142umacze\u0144 Atominium","isPartOf":{"@id":"https:\/\/www.atominium.com\/pl\/#website"},"datePublished":"2011-10-06T12:59:01+00:00","dateModified":"2023-10-31T11:18:00+00:00","description":"Nagroda Nobla jako wyznacznik doskona\u0142o\u015bci w literaturze. Odkryj wybitnego poet\u0119 nagrodzonego tym presti\u017cowym wyr\u00f3\u017cnieniem na blogu Atominium.","breadcrumb":{"@id":"https:\/\/www.atominium.com\/pl\/blog\/poetycki-nobel\/#breadcrumb"},"inLanguage":"pl-PL","potentialAction":[{"@type":"ReadAction","target":["https:\/\/www.atominium.com\/pl\/blog\/poetycki-nobel\/"]}]},{"@type":"BreadcrumbList","@id":"https:\/\/www.atominium.com\/pl\/blog\/poetycki-nobel\/#breadcrumb","itemListElement":[{"@type":"ListItem","position":1,"name":"Strona g\u0142\u00f3wna","item":"https:\/\/www.atominium.com\/pl\/"},{"@type":"ListItem","position":2,"name":"Poetycki Nobel"}]},{"@type":"WebSite","@id":"https:\/\/www.atominium.com\/pl\/#website","url":"https:\/\/www.atominium.com\/pl\/","name":"Biuro t\u0142umacze\u0144 specjalistycznych - Krak\u00f3w - Atominium","description":"Darmowa wycena w 15 min. T\u0142umaczenia: zwyk\u0142e, ustne, przysi\u0119g\u0142e, online. Biuro t\u0142umacze\u0144 Krak\u00f3w Atominium - ekspert w dziedzinie przek\u0142ad\u00f3w.","publisher":{"@id":"https:\/\/www.atominium.com\/pl\/#organization"},"potentialAction":[{"@type":"SearchAction","target":{"@type":"EntryPoint","urlTemplate":"https:\/\/www.atominium.com\/pl\/?s={search_term_string}"},"query-input":{"@type":"PropertyValueSpecification","valueRequired":true,"valueName":"search_term_string"}}],"inLanguage":"pl-PL"},{"@type":"Organization","@id":"https:\/\/www.atominium.com\/pl\/#organization","name":"Biuro t\u0142umacze\u0144 specjalistycznych Atominium Krak\u00f3w","alternateName":"Atominium","url":"https:\/\/www.atominium.com\/pl\/","logo":{"@type":"ImageObject","inLanguage":"pl-PL","@id":"https:\/\/www.atominium.com\/pl\/#\/schema\/logo\/image\/","url":"https:\/\/www.atominium.com\/pl\/wp-content\/uploads\/2021\/02\/logo-atominium.png","contentUrl":"https:\/\/www.atominium.com\/pl\/wp-content\/uploads\/2021\/02\/logo-atominium.png","width":573,"height":90,"caption":"Biuro t\u0142umacze\u0144 specjalistycznych Atominium Krak\u00f3w"},"image":{"@id":"https:\/\/www.atominium.com\/pl\/#\/schema\/logo\/image\/"},"sameAs":["https:\/\/www.facebook.com\/p\/Atominium-Specialist-Translation-Agency-100052230326775\/"]},{"@type":"Person","@id":"https:\/\/www.atominium.com\/pl\/#\/schema\/person\/2906c27107092631f4bffe78591c1893","name":"Atominium","image":{"@type":"ImageObject","inLanguage":"pl-PL","@id":"https:\/\/www.atominium.com\/pl\/#\/schema\/person\/image\/","url":"https:\/\/secure.gravatar.com\/avatar\/922668877ae1f08e285966e5bda08312911a5a8b93ae4cdc451508934c30b139?s=96&d=mm&r=g","contentUrl":"https:\/\/secure.gravatar.com\/avatar\/922668877ae1f08e285966e5bda08312911a5a8b93ae4cdc451508934c30b139?s=96&d=mm&r=g","caption":"Atominium"},"url":"https:\/\/www.atominium.com\/pl\/blog\/author\/m-skrzypkowski\/"}]}},"post_mailing_queue_ids":[],"_links":{"self":[{"href":"https:\/\/www.atominium.com\/pl\/wp-json\/wp\/v2\/posts\/4866","targetHints":{"allow":["GET"]}}],"collection":[{"href":"https:\/\/www.atominium.com\/pl\/wp-json\/wp\/v2\/posts"}],"about":[{"href":"https:\/\/www.atominium.com\/pl\/wp-json\/wp\/v2\/types\/post"}],"author":[{"embeddable":true,"href":"https:\/\/www.atominium.com\/pl\/wp-json\/wp\/v2\/users\/4"}],"replies":[{"embeddable":true,"href":"https:\/\/www.atominium.com\/pl\/wp-json\/wp\/v2\/comments?post=4866"}],"version-history":[{"count":1,"href":"https:\/\/www.atominium.com\/pl\/wp-json\/wp\/v2\/posts\/4866\/revisions"}],"predecessor-version":[{"id":16810,"href":"https:\/\/www.atominium.com\/pl\/wp-json\/wp\/v2\/posts\/4866\/revisions\/16810"}],"wp:attachment":[{"href":"https:\/\/www.atominium.com\/pl\/wp-json\/wp\/v2\/media?parent=4866"}],"wp:term":[{"taxonomy":"category","embeddable":true,"href":"https:\/\/www.atominium.com\/pl\/wp-json\/wp\/v2\/categories?post=4866"},{"taxonomy":"post_tag","embeddable":true,"href":"https:\/\/www.atominium.com\/pl\/wp-json\/wp\/v2\/tags?post=4866"}],"curies":[{"name":"wp","href":"https:\/\/api.w.org\/{rel}","templated":true}]}}