{"id":16232,"date":"2011-05-11T11:30:43","date_gmt":"2011-05-11T09:30:43","guid":{"rendered":"http:\/\/www.atominium.com\/blog\/?p=4214"},"modified":"2023-11-06T15:39:39","modified_gmt":"2023-11-06T14:39:39","slug":"jaki-byl-milosz-wywiad-z-autorem-nowej-biografii-czeslawa-milosza","status":"publish","type":"post","link":"https:\/\/www.atominium.com\/pl\/blog\/jaki-byl-milosz-wywiad-z-autorem-nowej-biografii-czeslawa-milosza\/","title":{"rendered":"Jaki by\u0142 Mi\u0142osz? Wywiad z autorem nowej biografii Czes\u0142awa Mi\u0142osza"},"content":{"rendered":"<p style=\"text-align: justify;\"><strong><em><a href=\"https:\/\/blog-new.atominium.com\/wp-content\/uploads\/2011\/05\/Franaszek.jpg\"><img decoding=\"async\" class=\"alignleft wp-image-4216 size-medium\" title=\"Autor biografii Mi\u0142osza\" src=\"https:\/\/blog-new.atominium.com\/wp-content\/uploads\/2011\/05\/Franaszek-233x300.jpg\" alt=\"Jaki by\u0142 Mi\u0142osz? Wywiad z autorem nowej biografii Czes\u0142awa Mi\u0142osza\" width=\"178\" height=\"230\" \/><\/a>Szcz\u0119\u015bciarz. Taki, kt\u00f3remu wszystko si\u0119 udaje. Ogromnie sprytny. Wygodny. Kocha pieni\u0105dze. Ani krzty patriotyzmu. Oboj\u0119tny na ojczyzn\u0119, kt\u00f3r\u0105 zast\u0119puje mu walizka. Pi\u0119knoduch. Esteta, kt\u00f3rego obchodzi sztuka, nie ludzie. Sprzedajny. Niemoralny w \u017cyciu osobistym, bo pos\u0142uguj\u0105cy si\u0119 kobietami. Pyszny. Arogancki. I tak dalej.<\/em> Tak wed\u0142ug Czes\u0142awa Mi\u0142osza postrzegaj\u0105 go inni. A jaki naprawd\u0119 by\u0142 Czes\u0142aw Mi\u0142osz? Nowa biografia pr\u00f3buje odpowiedzie\u0107 na to nie\u0142atwe pytanie.<\/strong><\/p>\n<p style=\"text-align: justify;\">Zach\u0119cam do przeczytania wywiadu z autorem biografii Czes\u0142awa Mi\u0142osza. Andrzej Franaszek, absolwent polonistyki Uniwersytetu Jagiello\u0144skiego oraz redaktor \u201eTygodnika Powszechnego\u201d, pisa\u0142 biografi\u0119 Mi\u0142osza przez ponad dziesi\u0119\u0107 lat. Ksi\u0105\u017cka zawiera mi\u0119dzy innymi nowe zdj\u0119cia i fakty z \u017cycia Mi\u0142osza. Ma\u0142o kto wie na przyk\u0142ad, \u017ce Czes\u0142aw Mi\u0142osz jako ch\u0142opiec pr\u00f3bowa\u0142 pope\u0142ni\u0107 samob\u00f3jstwo z powodu mi\u0142osnego rozczarowania, albo o tym, \u017ce w Kalifornii czu\u0142 si\u0119 jak rosyjski inteligent z XIX wieku, kt\u00f3ry siedzi w salonie z samowarem i rozmy\u015bla, jak \u017cy\u0107.<\/p>\n<p style=\"text-align: justify;\">Wywiad z autorem ksi\u0105\u017cki <em>Mi\u0142osz. Biografia<\/em>, wydanej przez Wydawnictwo ZNAK, mo\u017cna przeczyta\u0107 na stronie internetowej \u201e<a title=\"Biografia Mi\u0142osza\" href=\"http:\/\/wyborcza.pl\/1,76842,9540543.html\" target=\"_blank\" rel=\"noopener noreferrer\">Gazety Wyborczej<\/a>\u201d. \u00a026 maja 2011 r. o godz. 18.00 w \u015ar\u00f3dmiejskim O\u015brodku Kultury przy ul. Miko\u0142ajskiej 2 w Krakowie odb\u0119dzie si\u0119 spotkanie z Andrzejem Franaszkiem.<\/p>\n","protected":false},"excerpt":{"rendered":"<p>Szcz\u0119\u015bciarz. Taki, kt\u00f3remu wszystko si\u0119 udaje. Ogromnie sprytny. Wygodny. Kocha pieni\u0105dze. Ani krzty patriotyzmu. Oboj\u0119tny na ojczyzn\u0119, kt\u00f3r\u0105 zast\u0119puje mu walizka. Pi\u0119knoduch. Esteta, kt\u00f3rego obchodzi sztuka, nie ludzie. Sprzedajny. Niemoralny w \u017cyciu osobistym, bo pos\u0142uguj\u0105cy si\u0119 kobietami. Pyszny. Arogancki. I tak dalej. Tak wed\u0142ug Czes\u0142awa Mi\u0142osza postrzegaj\u0105 go inni. A jaki naprawd\u0119 by\u0142 Czes\u0142aw Mi\u0142osz? [&hellip;]<\/p>\n","protected":false},"author":4,"featured_media":0,"comment_status":"closed","ping_status":"closed","sticky":false,"template":"","format":"standard","meta":{"footnotes":""},"categories":[33,40],"tags":[1482,779,1483,1356,1484,1485,552],"class_list":["post-16232","post","type-post","status-publish","format-standard","hentry","category-dla-tlumaczy","category-miedzy-slowami","tag-biografia","tag-czeslaw-milosz","tag-franaszek","tag-rok-milosza","tag-tygodnik-powszechny","tag-wywiad","tag-znak"],"yoast_head":"<!-- This site is optimized with the Yoast SEO plugin v24.2 - https:\/\/yoast.com\/wordpress\/plugins\/seo\/ -->\n<title>Jaki by\u0142 Mi\u0142osz? Wywiad z autorem nowej biografii Czes\u0142awa Mi\u0142osza | Biuro t\u0142umacze\u0144 Atominium<\/title>\n<meta name=\"description\" content=\"Czes\u0142aw Mi\u0142osz: Odkryj fascynuj\u0105cy wywiad z autorem nowej biografii noblisty. Poznaj tajemnice \u017cycia i tw\u00f3rczo\u015bci Mi\u0142osza na blogu Atominium.\" \/>\n<meta name=\"robots\" content=\"index, follow, max-snippet:-1, max-image-preview:large, max-video-preview:-1\" \/>\n<link rel=\"canonical\" href=\"https:\/\/www.atominium.com\/pl\/blog\/jaki-byl-milosz-wywiad-z-autorem-nowej-biografii-czeslawa-milosza\/\" \/>\n<meta property=\"og:locale\" content=\"pl_PL\" \/>\n<meta property=\"og:type\" content=\"article\" \/>\n<meta property=\"og:title\" content=\"Jaki by\u0142 Mi\u0142osz? Wywiad z autorem nowej biografii Czes\u0142awa Mi\u0142osza | Biuro t\u0142umacze\u0144 Atominium\" \/>\n<meta property=\"og:description\" content=\"Czes\u0142aw Mi\u0142osz: Odkryj fascynuj\u0105cy wywiad z autorem nowej biografii noblisty. Poznaj tajemnice \u017cycia i tw\u00f3rczo\u015bci Mi\u0142osza na blogu Atominium.\" \/>\n<meta property=\"og:url\" content=\"https:\/\/www.atominium.com\/pl\/blog\/jaki-byl-milosz-wywiad-z-autorem-nowej-biografii-czeslawa-milosza\/\" \/>\n<meta property=\"og:site_name\" content=\"Biuro t\u0142umacze\u0144 specjalistycznych - Krak\u00f3w - Atominium\" \/>\n<meta property=\"article:publisher\" content=\"https:\/\/www.facebook.com\/p\/Atominium-Specialist-Translation-Agency-100052230326775\/\" \/>\n<meta property=\"article:published_time\" content=\"2011-05-11T09:30:43+00:00\" \/>\n<meta property=\"article:modified_time\" content=\"2023-11-06T14:39:39+00:00\" \/>\n<meta property=\"og:image\" content=\"https:\/\/blog-new.atominium.com\/wp-content\/uploads\/2011\/05\/Franaszek-233x300.jpg\" \/>\n<meta name=\"author\" content=\"Atominium\" \/>\n<script type=\"application\/ld+json\" class=\"yoast-schema-graph\">{\"@context\":\"https:\/\/schema.org\",\"@graph\":[{\"@type\":\"Article\",\"@id\":\"https:\/\/www.atominium.com\/pl\/blog\/jaki-byl-milosz-wywiad-z-autorem-nowej-biografii-czeslawa-milosza\/#article\",\"isPartOf\":{\"@id\":\"https:\/\/www.atominium.com\/pl\/blog\/jaki-byl-milosz-wywiad-z-autorem-nowej-biografii-czeslawa-milosza\/\"},\"author\":{\"name\":\"Atominium\",\"@id\":\"https:\/\/www.atominium.com\/pl\/#\/schema\/person\/2906c27107092631f4bffe78591c1893\"},\"headline\":\"Jaki by\u0142 Mi\u0142osz? Wywiad z autorem nowej biografii Czes\u0142awa Mi\u0142osza\",\"datePublished\":\"2011-05-11T09:30:43+00:00\",\"dateModified\":\"2023-11-06T14:39:39+00:00\",\"mainEntityOfPage\":{\"@id\":\"https:\/\/www.atominium.com\/pl\/blog\/jaki-byl-milosz-wywiad-z-autorem-nowej-biografii-czeslawa-milosza\/\"},\"wordCount\":234,\"publisher\":{\"@id\":\"https:\/\/www.atominium.com\/pl\/#organization\"},\"image\":{\"@id\":\"https:\/\/www.atominium.com\/pl\/blog\/jaki-byl-milosz-wywiad-z-autorem-nowej-biografii-czeslawa-milosza\/#primaryimage\"},\"thumbnailUrl\":\"https:\/\/blog-new.atominium.com\/wp-content\/uploads\/2011\/05\/Franaszek-233x300.jpg\",\"keywords\":[\"Biografia\",\"czes\u0142aw mi\u0142osz\",\"Franaszek\",\"Rok Mi\u0142osza\",\"Tygodnik Powszechny\",\"Wywiad\",\"znak\"],\"articleSection\":[\"Dla t\u0142umaczy\",\"Mi\u0119dzy s\u0142owami\"],\"inLanguage\":\"pl-PL\"},{\"@type\":\"WebPage\",\"@id\":\"https:\/\/www.atominium.com\/pl\/blog\/jaki-byl-milosz-wywiad-z-autorem-nowej-biografii-czeslawa-milosza\/\",\"url\":\"https:\/\/www.atominium.com\/pl\/blog\/jaki-byl-milosz-wywiad-z-autorem-nowej-biografii-czeslawa-milosza\/\",\"name\":\"Jaki by\u0142 Mi\u0142osz? Wywiad z autorem nowej biografii Czes\u0142awa Mi\u0142osza | Biuro t\u0142umacze\u0144 Atominium\",\"isPartOf\":{\"@id\":\"https:\/\/www.atominium.com\/pl\/#website\"},\"primaryImageOfPage\":{\"@id\":\"https:\/\/www.atominium.com\/pl\/blog\/jaki-byl-milosz-wywiad-z-autorem-nowej-biografii-czeslawa-milosza\/#primaryimage\"},\"image\":{\"@id\":\"https:\/\/www.atominium.com\/pl\/blog\/jaki-byl-milosz-wywiad-z-autorem-nowej-biografii-czeslawa-milosza\/#primaryimage\"},\"thumbnailUrl\":\"https:\/\/blog-new.atominium.com\/wp-content\/uploads\/2011\/05\/Franaszek-233x300.jpg\",\"datePublished\":\"2011-05-11T09:30:43+00:00\",\"dateModified\":\"2023-11-06T14:39:39+00:00\",\"description\":\"Czes\u0142aw Mi\u0142osz: Odkryj fascynuj\u0105cy wywiad z autorem nowej biografii noblisty. Poznaj tajemnice \u017cycia i tw\u00f3rczo\u015bci Mi\u0142osza na blogu Atominium.\",\"breadcrumb\":{\"@id\":\"https:\/\/www.atominium.com\/pl\/blog\/jaki-byl-milosz-wywiad-z-autorem-nowej-biografii-czeslawa-milosza\/#breadcrumb\"},\"inLanguage\":\"pl-PL\",\"potentialAction\":[{\"@type\":\"ReadAction\",\"target\":[\"https:\/\/www.atominium.com\/pl\/blog\/jaki-byl-milosz-wywiad-z-autorem-nowej-biografii-czeslawa-milosza\/\"]}]},{\"@type\":\"ImageObject\",\"inLanguage\":\"pl-PL\",\"@id\":\"https:\/\/www.atominium.com\/pl\/blog\/jaki-byl-milosz-wywiad-z-autorem-nowej-biografii-czeslawa-milosza\/#primaryimage\",\"url\":\"https:\/\/blog-new.atominium.com\/wp-content\/uploads\/2011\/05\/Franaszek-233x300.jpg\",\"contentUrl\":\"https:\/\/blog-new.atominium.com\/wp-content\/uploads\/2011\/05\/Franaszek-233x300.jpg\"},{\"@type\":\"BreadcrumbList\",\"@id\":\"https:\/\/www.atominium.com\/pl\/blog\/jaki-byl-milosz-wywiad-z-autorem-nowej-biografii-czeslawa-milosza\/#breadcrumb\",\"itemListElement\":[{\"@type\":\"ListItem\",\"position\":1,\"name\":\"Strona g\u0142\u00f3wna\",\"item\":\"https:\/\/www.atominium.com\/pl\/\"},{\"@type\":\"ListItem\",\"position\":2,\"name\":\"Jaki by\u0142 Mi\u0142osz? Wywiad z autorem nowej biografii Czes\u0142awa Mi\u0142osza\"}]},{\"@type\":\"WebSite\",\"@id\":\"https:\/\/www.atominium.com\/pl\/#website\",\"url\":\"https:\/\/www.atominium.com\/pl\/\",\"name\":\"Biuro t\u0142umacze\u0144 specjalistycznych - Krak\u00f3w - Atominium\",\"description\":\"Darmowa wycena w 15 min. T\u0142umaczenia: zwyk\u0142e, ustne, przysi\u0119g\u0142e, online. Biuro t\u0142umacze\u0144 Krak\u00f3w Atominium - ekspert w dziedzinie przek\u0142ad\u00f3w.\",\"publisher\":{\"@id\":\"https:\/\/www.atominium.com\/pl\/#organization\"},\"potentialAction\":[{\"@type\":\"SearchAction\",\"target\":{\"@type\":\"EntryPoint\",\"urlTemplate\":\"https:\/\/www.atominium.com\/pl\/?s={search_term_string}\"},\"query-input\":{\"@type\":\"PropertyValueSpecification\",\"valueRequired\":true,\"valueName\":\"search_term_string\"}}],\"inLanguage\":\"pl-PL\"},{\"@type\":\"Organization\",\"@id\":\"https:\/\/www.atominium.com\/pl\/#organization\",\"name\":\"Biuro t\u0142umacze\u0144 specjalistycznych Atominium Krak\u00f3w\",\"alternateName\":\"Atominium\",\"url\":\"https:\/\/www.atominium.com\/pl\/\",\"logo\":{\"@type\":\"ImageObject\",\"inLanguage\":\"pl-PL\",\"@id\":\"https:\/\/www.atominium.com\/pl\/#\/schema\/logo\/image\/\",\"url\":\"https:\/\/www.atominium.com\/pl\/wp-content\/uploads\/2021\/02\/logo-atominium.png\",\"contentUrl\":\"https:\/\/www.atominium.com\/pl\/wp-content\/uploads\/2021\/02\/logo-atominium.png\",\"width\":573,\"height\":90,\"caption\":\"Biuro t\u0142umacze\u0144 specjalistycznych Atominium Krak\u00f3w\"},\"image\":{\"@id\":\"https:\/\/www.atominium.com\/pl\/#\/schema\/logo\/image\/\"},\"sameAs\":[\"https:\/\/www.facebook.com\/p\/Atominium-Specialist-Translation-Agency-100052230326775\/\"]},{\"@type\":\"Person\",\"@id\":\"https:\/\/www.atominium.com\/pl\/#\/schema\/person\/2906c27107092631f4bffe78591c1893\",\"name\":\"Atominium\",\"image\":{\"@type\":\"ImageObject\",\"inLanguage\":\"pl-PL\",\"@id\":\"https:\/\/www.atominium.com\/pl\/#\/schema\/person\/image\/\",\"url\":\"https:\/\/secure.gravatar.com\/avatar\/922668877ae1f08e285966e5bda08312911a5a8b93ae4cdc451508934c30b139?s=96&d=mm&r=g\",\"contentUrl\":\"https:\/\/secure.gravatar.com\/avatar\/922668877ae1f08e285966e5bda08312911a5a8b93ae4cdc451508934c30b139?s=96&d=mm&r=g\",\"caption\":\"Atominium\"},\"url\":\"https:\/\/www.atominium.com\/pl\/blog\/author\/m-skrzypkowski\/\"}]}<\/script>\n<!-- \/ Yoast SEO plugin. -->","yoast_head_json":{"title":"Jaki by\u0142 Mi\u0142osz? Wywiad z autorem nowej biografii Czes\u0142awa Mi\u0142osza | Biuro t\u0142umacze\u0144 Atominium","description":"Czes\u0142aw Mi\u0142osz: Odkryj fascynuj\u0105cy wywiad z autorem nowej biografii noblisty. Poznaj tajemnice \u017cycia i tw\u00f3rczo\u015bci Mi\u0142osza na blogu Atominium.","robots":{"index":"index","follow":"follow","max-snippet":"max-snippet:-1","max-image-preview":"max-image-preview:large","max-video-preview":"max-video-preview:-1"},"canonical":"https:\/\/www.atominium.com\/pl\/blog\/jaki-byl-milosz-wywiad-z-autorem-nowej-biografii-czeslawa-milosza\/","og_locale":"pl_PL","og_type":"article","og_title":"Jaki by\u0142 Mi\u0142osz? Wywiad z autorem nowej biografii Czes\u0142awa Mi\u0142osza | Biuro t\u0142umacze\u0144 Atominium","og_description":"Czes\u0142aw Mi\u0142osz: Odkryj fascynuj\u0105cy wywiad z autorem nowej biografii noblisty. Poznaj tajemnice \u017cycia i tw\u00f3rczo\u015bci Mi\u0142osza na blogu Atominium.","og_url":"https:\/\/www.atominium.com\/pl\/blog\/jaki-byl-milosz-wywiad-z-autorem-nowej-biografii-czeslawa-milosza\/","og_site_name":"Biuro t\u0142umacze\u0144 specjalistycznych - Krak\u00f3w - Atominium","article_publisher":"https:\/\/www.facebook.com\/p\/Atominium-Specialist-Translation-Agency-100052230326775\/","article_published_time":"2011-05-11T09:30:43+00:00","article_modified_time":"2023-11-06T14:39:39+00:00","og_image":[{"url":"https:\/\/blog-new.atominium.com\/wp-content\/uploads\/2011\/05\/Franaszek-233x300.jpg","type":"","width":"","height":""}],"author":"Atominium","schema":{"@context":"https:\/\/schema.org","@graph":[{"@type":"Article","@id":"https:\/\/www.atominium.com\/pl\/blog\/jaki-byl-milosz-wywiad-z-autorem-nowej-biografii-czeslawa-milosza\/#article","isPartOf":{"@id":"https:\/\/www.atominium.com\/pl\/blog\/jaki-byl-milosz-wywiad-z-autorem-nowej-biografii-czeslawa-milosza\/"},"author":{"name":"Atominium","@id":"https:\/\/www.atominium.com\/pl\/#\/schema\/person\/2906c27107092631f4bffe78591c1893"},"headline":"Jaki by\u0142 Mi\u0142osz? Wywiad z autorem nowej biografii Czes\u0142awa Mi\u0142osza","datePublished":"2011-05-11T09:30:43+00:00","dateModified":"2023-11-06T14:39:39+00:00","mainEntityOfPage":{"@id":"https:\/\/www.atominium.com\/pl\/blog\/jaki-byl-milosz-wywiad-z-autorem-nowej-biografii-czeslawa-milosza\/"},"wordCount":234,"publisher":{"@id":"https:\/\/www.atominium.com\/pl\/#organization"},"image":{"@id":"https:\/\/www.atominium.com\/pl\/blog\/jaki-byl-milosz-wywiad-z-autorem-nowej-biografii-czeslawa-milosza\/#primaryimage"},"thumbnailUrl":"https:\/\/blog-new.atominium.com\/wp-content\/uploads\/2011\/05\/Franaszek-233x300.jpg","keywords":["Biografia","czes\u0142aw mi\u0142osz","Franaszek","Rok Mi\u0142osza","Tygodnik Powszechny","Wywiad","znak"],"articleSection":["Dla t\u0142umaczy","Mi\u0119dzy s\u0142owami"],"inLanguage":"pl-PL"},{"@type":"WebPage","@id":"https:\/\/www.atominium.com\/pl\/blog\/jaki-byl-milosz-wywiad-z-autorem-nowej-biografii-czeslawa-milosza\/","url":"https:\/\/www.atominium.com\/pl\/blog\/jaki-byl-milosz-wywiad-z-autorem-nowej-biografii-czeslawa-milosza\/","name":"Jaki by\u0142 Mi\u0142osz? Wywiad z autorem nowej biografii Czes\u0142awa Mi\u0142osza | Biuro t\u0142umacze\u0144 Atominium","isPartOf":{"@id":"https:\/\/www.atominium.com\/pl\/#website"},"primaryImageOfPage":{"@id":"https:\/\/www.atominium.com\/pl\/blog\/jaki-byl-milosz-wywiad-z-autorem-nowej-biografii-czeslawa-milosza\/#primaryimage"},"image":{"@id":"https:\/\/www.atominium.com\/pl\/blog\/jaki-byl-milosz-wywiad-z-autorem-nowej-biografii-czeslawa-milosza\/#primaryimage"},"thumbnailUrl":"https:\/\/blog-new.atominium.com\/wp-content\/uploads\/2011\/05\/Franaszek-233x300.jpg","datePublished":"2011-05-11T09:30:43+00:00","dateModified":"2023-11-06T14:39:39+00:00","description":"Czes\u0142aw Mi\u0142osz: Odkryj fascynuj\u0105cy wywiad z autorem nowej biografii noblisty. Poznaj tajemnice \u017cycia i tw\u00f3rczo\u015bci Mi\u0142osza na blogu Atominium.","breadcrumb":{"@id":"https:\/\/www.atominium.com\/pl\/blog\/jaki-byl-milosz-wywiad-z-autorem-nowej-biografii-czeslawa-milosza\/#breadcrumb"},"inLanguage":"pl-PL","potentialAction":[{"@type":"ReadAction","target":["https:\/\/www.atominium.com\/pl\/blog\/jaki-byl-milosz-wywiad-z-autorem-nowej-biografii-czeslawa-milosza\/"]}]},{"@type":"ImageObject","inLanguage":"pl-PL","@id":"https:\/\/www.atominium.com\/pl\/blog\/jaki-byl-milosz-wywiad-z-autorem-nowej-biografii-czeslawa-milosza\/#primaryimage","url":"https:\/\/blog-new.atominium.com\/wp-content\/uploads\/2011\/05\/Franaszek-233x300.jpg","contentUrl":"https:\/\/blog-new.atominium.com\/wp-content\/uploads\/2011\/05\/Franaszek-233x300.jpg"},{"@type":"BreadcrumbList","@id":"https:\/\/www.atominium.com\/pl\/blog\/jaki-byl-milosz-wywiad-z-autorem-nowej-biografii-czeslawa-milosza\/#breadcrumb","itemListElement":[{"@type":"ListItem","position":1,"name":"Strona g\u0142\u00f3wna","item":"https:\/\/www.atominium.com\/pl\/"},{"@type":"ListItem","position":2,"name":"Jaki by\u0142 Mi\u0142osz? Wywiad z autorem nowej biografii Czes\u0142awa Mi\u0142osza"}]},{"@type":"WebSite","@id":"https:\/\/www.atominium.com\/pl\/#website","url":"https:\/\/www.atominium.com\/pl\/","name":"Biuro t\u0142umacze\u0144 specjalistycznych - Krak\u00f3w - Atominium","description":"Darmowa wycena w 15 min. T\u0142umaczenia: zwyk\u0142e, ustne, przysi\u0119g\u0142e, online. Biuro t\u0142umacze\u0144 Krak\u00f3w Atominium - ekspert w dziedzinie przek\u0142ad\u00f3w.","publisher":{"@id":"https:\/\/www.atominium.com\/pl\/#organization"},"potentialAction":[{"@type":"SearchAction","target":{"@type":"EntryPoint","urlTemplate":"https:\/\/www.atominium.com\/pl\/?s={search_term_string}"},"query-input":{"@type":"PropertyValueSpecification","valueRequired":true,"valueName":"search_term_string"}}],"inLanguage":"pl-PL"},{"@type":"Organization","@id":"https:\/\/www.atominium.com\/pl\/#organization","name":"Biuro t\u0142umacze\u0144 specjalistycznych Atominium Krak\u00f3w","alternateName":"Atominium","url":"https:\/\/www.atominium.com\/pl\/","logo":{"@type":"ImageObject","inLanguage":"pl-PL","@id":"https:\/\/www.atominium.com\/pl\/#\/schema\/logo\/image\/","url":"https:\/\/www.atominium.com\/pl\/wp-content\/uploads\/2021\/02\/logo-atominium.png","contentUrl":"https:\/\/www.atominium.com\/pl\/wp-content\/uploads\/2021\/02\/logo-atominium.png","width":573,"height":90,"caption":"Biuro t\u0142umacze\u0144 specjalistycznych Atominium Krak\u00f3w"},"image":{"@id":"https:\/\/www.atominium.com\/pl\/#\/schema\/logo\/image\/"},"sameAs":["https:\/\/www.facebook.com\/p\/Atominium-Specialist-Translation-Agency-100052230326775\/"]},{"@type":"Person","@id":"https:\/\/www.atominium.com\/pl\/#\/schema\/person\/2906c27107092631f4bffe78591c1893","name":"Atominium","image":{"@type":"ImageObject","inLanguage":"pl-PL","@id":"https:\/\/www.atominium.com\/pl\/#\/schema\/person\/image\/","url":"https:\/\/secure.gravatar.com\/avatar\/922668877ae1f08e285966e5bda08312911a5a8b93ae4cdc451508934c30b139?s=96&d=mm&r=g","contentUrl":"https:\/\/secure.gravatar.com\/avatar\/922668877ae1f08e285966e5bda08312911a5a8b93ae4cdc451508934c30b139?s=96&d=mm&r=g","caption":"Atominium"},"url":"https:\/\/www.atominium.com\/pl\/blog\/author\/m-skrzypkowski\/"}]}},"post_mailing_queue_ids":[],"_links":{"self":[{"href":"https:\/\/www.atominium.com\/pl\/wp-json\/wp\/v2\/posts\/16232","targetHints":{"allow":["GET"]}}],"collection":[{"href":"https:\/\/www.atominium.com\/pl\/wp-json\/wp\/v2\/posts"}],"about":[{"href":"https:\/\/www.atominium.com\/pl\/wp-json\/wp\/v2\/types\/post"}],"author":[{"embeddable":true,"href":"https:\/\/www.atominium.com\/pl\/wp-json\/wp\/v2\/users\/4"}],"replies":[{"embeddable":true,"href":"https:\/\/www.atominium.com\/pl\/wp-json\/wp\/v2\/comments?post=16232"}],"version-history":[{"count":1,"href":"https:\/\/www.atominium.com\/pl\/wp-json\/wp\/v2\/posts\/16232\/revisions"}],"predecessor-version":[{"id":16901,"href":"https:\/\/www.atominium.com\/pl\/wp-json\/wp\/v2\/posts\/16232\/revisions\/16901"}],"wp:attachment":[{"href":"https:\/\/www.atominium.com\/pl\/wp-json\/wp\/v2\/media?parent=16232"}],"wp:term":[{"taxonomy":"category","embeddable":true,"href":"https:\/\/www.atominium.com\/pl\/wp-json\/wp\/v2\/categories?post=16232"},{"taxonomy":"post_tag","embeddable":true,"href":"https:\/\/www.atominium.com\/pl\/wp-json\/wp\/v2\/tags?post=16232"}],"curies":[{"name":"wp","href":"https:\/\/api.w.org\/{rel}","templated":true}]}}