{"id":16219,"date":"2011-04-27T16:07:04","date_gmt":"2011-04-27T14:07:04","guid":{"rendered":"http:\/\/www.atominium.com\/blog\/?p=4074"},"modified":"2023-11-06T16:06:58","modified_gmt":"2023-11-06T15:06:58","slug":"majowy-festiwal-czeslawa-milosza-w-krakowie","status":"publish","type":"post","link":"https:\/\/www.atominium.com\/pl\/blog\/majowy-festiwal-czeslawa-milosza-w-krakowie\/","title":{"rendered":"Majowy Festiwal Czes\u0142awa Mi\u0142osza w Krakowie"},"content":{"rendered":"<p style=\"text-align: justify;\"><a href=\"https:\/\/blog-new.atominium.com\/wp-content\/uploads\/2011\/04\/Milosz.jpg\"><img decoding=\"async\" class=\"alignleft wp-image-4076 size-medium\" title=\"Milosz\" src=\"https:\/\/blog-new.atominium.com\/wp-content\/uploads\/2011\/04\/Milosz-300x160.jpg\" alt=\"Majowy Festiwal Czes\u0142awa Mi\u0142osza w Krakowie\" width=\"204\" height=\"108\" \/><\/a>Koncerty, wieczorki poetyckie i filmowe, konferencje naukowe oraz spotkania i debaty\u00a0 z pisarzami, krytykami \u00a0i <a href=\"https:\/\/www.atominium.com\">t\u0142umaczami<\/a> literatury odb\u0119d\u0105 si\u0119 ju\u017c nied\u0142ugo podczas 2. Festiwalu Czes\u0142awa Mi\u0142osza w Krakowie.<\/p>\n<p style=\"text-align: justify;\">Dla t\u0142umaczy najbardziej interesuj\u0105cym wydarzeniem podczas Festiwalu b\u0119dzie niew\u0105tpliwie seminarium przek\u0142adowe Mi\u0142osz 365.\u00a0 Nic dziwnego, \u017ce seminarium trwa kilka dni, poniewa\u017c w samym roku 2011 pojawi si\u0119 a\u017c 50 przek\u0142ad\u00f3w tekst\u00f3w Mi\u0142osza w 23 krajach na ca\u0142ym \u015bwiecie. Niekt\u00f3re spo\u015br\u00f3d <a href=\"https:\/\/www.atominium.com\">przek\u0142ad\u00f3w<\/a> zyska\u0142y nie tylko wa\u017cny wymiar literacki, ale tak\u017ce polityczny, jak w przypadku przet\u0142umaczenia \u201eZniewolonego umys\u0142u\u201d na j\u0119zyk chi\u0144ski.<\/p>\n<p style=\"text-align: justify;\">W <strong>seminarium przek\u0142adowym <\/strong>(12-15 maja) wezm\u0105 udzia\u0142 t\u0142umacze z blisko dwudziestu kraj\u00f3w. Zamkni\u0119te sesje studyjne poprowadz\u0105 wybitni <a href=\"https:\/\/www.atominium.com\">t\u0142umacze<\/a> polskiego noblisty: Anders Bodeg\u00e5rd (Szwecja), Clare Cavanagh (USA), Laurence Dy\u00e8vre (Francja), Xavier Farr\u00e9 Vidal (Hiszpania) i Nikita Kuznetsov (Rosja). Seminarium zako\u0144czy otwarty panel t\u0142umaczy <em>Mi\u0142osz \u2013 \u015awiat<\/em> (13 maja). Anders Bodeg\u00e5rd (Szwecja), A\u015bok Wad\u017apeji (Indie), Wu Lan (Chiny), Clare Cavanagh (USA) i Andriej Chadanowicz (Bia\u0142oru\u015b) b\u0119d\u0105 rozmawia\u0107 o tym, kim jest Mi\u0142osz dla czytelnik\u00f3w w r\u00f3\u017cnych miejscach \u015bwiata, jak funkcjonuje jego dzie\u0142o w literaturach r\u00f3\u017cnych j\u0119zyk\u00f3w oraz jak z wyzwaniem tworzenia przek\u0142ad\u00f3w dobrych \u2013 \u201ecennych i rzadkich\u201d, wed\u0142ug s\u0142\u00f3w poety \u2013 zmagaj\u0105 si\u0119 jego t\u0142umacze.<\/p>\n<p style=\"text-align: justify;\">Grzegorz Gauden, dyrektor Instytutu Ksi\u0105\u017cki podsumowuje: <em>Nie chcemy stawia\u0107 Mi\u0142oszowi kolejnej kapliczki. To pisarz tak\u017ce dlatego wielki, \u017ce przez wielu postrzegany jako kontrowersyjny. Wa\u017cny jest te\u017c fakt, \u017ce promocja tw\u00f3rczo\u015bci Mi\u0142osza za granic\u0105 to tak\u017ce inwestycja w promocj\u0119 wsp\u00f3\u0142czesnej polskiej literatury<\/em>.<\/p>\n<p style=\"text-align: justify;\">Wi\u0119cej o Festiwalu Mi\u0142osza na stronie internetowej <a title=\"Rok Mi\u0142osza\" href=\"http:\/\/www.milosz365.pl\/\" target=\"_blank\" rel=\"noopener noreferrer\">Mi\u0142osz365<\/a>.<\/p>\n<p style=\"text-align: justify;\">Autor:\u00a0 Magda Krakowska<\/p>\n","protected":false},"excerpt":{"rendered":"<p>Koncerty, wieczorki poetyckie i filmowe, konferencje naukowe oraz spotkania i debaty\u00a0 z pisarzami, krytykami \u00a0i t\u0142umaczami literatury odb\u0119d\u0105 si\u0119 ju\u017c nied\u0142ugo podczas 2. Festiwalu Czes\u0142awa Mi\u0142osza w Krakowie. Dla t\u0142umaczy najbardziej interesuj\u0105cym wydarzeniem podczas Festiwalu b\u0119dzie niew\u0105tpliwie seminarium przek\u0142adowe Mi\u0142osz 365.\u00a0 Nic dziwnego, \u017ce seminarium trwa kilka dni, poniewa\u017c w samym roku 2011 pojawi si\u0119 [&hellip;]<\/p>\n","protected":false},"author":4,"featured_media":0,"comment_status":"closed","ping_status":"closed","sticky":false,"template":"","format":"standard","meta":{"footnotes":""},"categories":[33],"tags":[779,596,94,1459,1356,1460,1461],"class_list":["post-16219","post","type-post","status-publish","format-standard","hentry","category-dla-tlumaczy","tag-czeslaw-milosz","tag-instytut-ksiazki","tag-krakow","tag-milosz","tag-rok-milosza","tag-seminarium-przekladowe","tag-spotkania"],"yoast_head":"<!-- This site is optimized with the Yoast SEO plugin v24.2 - https:\/\/yoast.com\/wordpress\/plugins\/seo\/ -->\n<title>Majowy Festiwal Czes\u0142awa Mi\u0142osza w Krakowie | Biuro t\u0142umacze\u0144 Atominium<\/title>\n<meta name=\"description\" content=\"Majowy Festiwal Czes\u0142awa Mi\u0142osza w Krakowie: \u015awi\u0119tuj literatur\u0119 i poezj\u0119 na blogu Atominium. Dowiedz si\u0119 wi\u0119cej o tej inspiruj\u0105cej imprezie kulturalnej.\" \/>\n<meta name=\"robots\" content=\"index, follow, max-snippet:-1, max-image-preview:large, max-video-preview:-1\" \/>\n<link rel=\"canonical\" href=\"https:\/\/www.atominium.com\/pl\/blog\/majowy-festiwal-czeslawa-milosza-w-krakowie\/\" \/>\n<meta property=\"og:locale\" content=\"pl_PL\" \/>\n<meta property=\"og:type\" content=\"article\" \/>\n<meta property=\"og:title\" content=\"Majowy Festiwal Czes\u0142awa Mi\u0142osza w Krakowie | Biuro t\u0142umacze\u0144 Atominium\" \/>\n<meta property=\"og:description\" content=\"Majowy Festiwal Czes\u0142awa Mi\u0142osza w Krakowie: \u015awi\u0119tuj literatur\u0119 i poezj\u0119 na blogu Atominium. Dowiedz si\u0119 wi\u0119cej o tej inspiruj\u0105cej imprezie kulturalnej.\" \/>\n<meta property=\"og:url\" content=\"https:\/\/www.atominium.com\/pl\/blog\/majowy-festiwal-czeslawa-milosza-w-krakowie\/\" \/>\n<meta property=\"og:site_name\" content=\"Biuro t\u0142umacze\u0144 specjalistycznych - Krak\u00f3w - Atominium\" \/>\n<meta property=\"article:publisher\" content=\"https:\/\/www.facebook.com\/p\/Atominium-Specialist-Translation-Agency-100052230326775\/\" \/>\n<meta property=\"article:published_time\" content=\"2011-04-27T14:07:04+00:00\" \/>\n<meta property=\"article:modified_time\" content=\"2023-11-06T15:06:58+00:00\" \/>\n<meta property=\"og:image\" content=\"https:\/\/blog-new.atominium.com\/wp-content\/uploads\/2011\/04\/Milosz-300x160.jpg\" \/>\n<meta name=\"author\" content=\"Atominium\" \/>\n<script type=\"application\/ld+json\" class=\"yoast-schema-graph\">{\"@context\":\"https:\/\/schema.org\",\"@graph\":[{\"@type\":\"Article\",\"@id\":\"https:\/\/www.atominium.com\/pl\/blog\/majowy-festiwal-czeslawa-milosza-w-krakowie\/#article\",\"isPartOf\":{\"@id\":\"https:\/\/www.atominium.com\/pl\/blog\/majowy-festiwal-czeslawa-milosza-w-krakowie\/\"},\"author\":{\"name\":\"Atominium\",\"@id\":\"https:\/\/www.atominium.com\/pl\/#\/schema\/person\/2906c27107092631f4bffe78591c1893\"},\"headline\":\"Majowy Festiwal Czes\u0142awa Mi\u0142osza w Krakowie\",\"datePublished\":\"2011-04-27T14:07:04+00:00\",\"dateModified\":\"2023-11-06T15:06:58+00:00\",\"mainEntityOfPage\":{\"@id\":\"https:\/\/www.atominium.com\/pl\/blog\/majowy-festiwal-czeslawa-milosza-w-krakowie\/\"},\"wordCount\":308,\"publisher\":{\"@id\":\"https:\/\/www.atominium.com\/pl\/#organization\"},\"image\":{\"@id\":\"https:\/\/www.atominium.com\/pl\/blog\/majowy-festiwal-czeslawa-milosza-w-krakowie\/#primaryimage\"},\"thumbnailUrl\":\"https:\/\/blog-new.atominium.com\/wp-content\/uploads\/2011\/04\/Milosz-300x160.jpg\",\"keywords\":[\"czes\u0142aw mi\u0142osz\",\"Instytut Ksi\u0105\u017cki\",\"Krak\u00f3w\",\"Mi\u0142osz\",\"Rok Mi\u0142osza\",\"Seminarium przek\u0142adowe\",\"Spotkania\"],\"articleSection\":[\"Dla t\u0142umaczy\"],\"inLanguage\":\"pl-PL\"},{\"@type\":\"WebPage\",\"@id\":\"https:\/\/www.atominium.com\/pl\/blog\/majowy-festiwal-czeslawa-milosza-w-krakowie\/\",\"url\":\"https:\/\/www.atominium.com\/pl\/blog\/majowy-festiwal-czeslawa-milosza-w-krakowie\/\",\"name\":\"Majowy Festiwal Czes\u0142awa Mi\u0142osza w Krakowie | Biuro t\u0142umacze\u0144 Atominium\",\"isPartOf\":{\"@id\":\"https:\/\/www.atominium.com\/pl\/#website\"},\"primaryImageOfPage\":{\"@id\":\"https:\/\/www.atominium.com\/pl\/blog\/majowy-festiwal-czeslawa-milosza-w-krakowie\/#primaryimage\"},\"image\":{\"@id\":\"https:\/\/www.atominium.com\/pl\/blog\/majowy-festiwal-czeslawa-milosza-w-krakowie\/#primaryimage\"},\"thumbnailUrl\":\"https:\/\/blog-new.atominium.com\/wp-content\/uploads\/2011\/04\/Milosz-300x160.jpg\",\"datePublished\":\"2011-04-27T14:07:04+00:00\",\"dateModified\":\"2023-11-06T15:06:58+00:00\",\"description\":\"Majowy Festiwal Czes\u0142awa Mi\u0142osza w Krakowie: \u015awi\u0119tuj literatur\u0119 i poezj\u0119 na blogu Atominium. Dowiedz si\u0119 wi\u0119cej o tej inspiruj\u0105cej imprezie kulturalnej.\",\"breadcrumb\":{\"@id\":\"https:\/\/www.atominium.com\/pl\/blog\/majowy-festiwal-czeslawa-milosza-w-krakowie\/#breadcrumb\"},\"inLanguage\":\"pl-PL\",\"potentialAction\":[{\"@type\":\"ReadAction\",\"target\":[\"https:\/\/www.atominium.com\/pl\/blog\/majowy-festiwal-czeslawa-milosza-w-krakowie\/\"]}]},{\"@type\":\"ImageObject\",\"inLanguage\":\"pl-PL\",\"@id\":\"https:\/\/www.atominium.com\/pl\/blog\/majowy-festiwal-czeslawa-milosza-w-krakowie\/#primaryimage\",\"url\":\"https:\/\/blog-new.atominium.com\/wp-content\/uploads\/2011\/04\/Milosz-300x160.jpg\",\"contentUrl\":\"https:\/\/blog-new.atominium.com\/wp-content\/uploads\/2011\/04\/Milosz-300x160.jpg\"},{\"@type\":\"BreadcrumbList\",\"@id\":\"https:\/\/www.atominium.com\/pl\/blog\/majowy-festiwal-czeslawa-milosza-w-krakowie\/#breadcrumb\",\"itemListElement\":[{\"@type\":\"ListItem\",\"position\":1,\"name\":\"Strona g\u0142\u00f3wna\",\"item\":\"https:\/\/www.atominium.com\/pl\/\"},{\"@type\":\"ListItem\",\"position\":2,\"name\":\"Majowy Festiwal Czes\u0142awa Mi\u0142osza w Krakowie\"}]},{\"@type\":\"WebSite\",\"@id\":\"https:\/\/www.atominium.com\/pl\/#website\",\"url\":\"https:\/\/www.atominium.com\/pl\/\",\"name\":\"Biuro t\u0142umacze\u0144 specjalistycznych - Krak\u00f3w - Atominium\",\"description\":\"Darmowa wycena w 15 min. T\u0142umaczenia: zwyk\u0142e, ustne, przysi\u0119g\u0142e, online. Biuro t\u0142umacze\u0144 Krak\u00f3w Atominium - ekspert w dziedzinie przek\u0142ad\u00f3w.\",\"publisher\":{\"@id\":\"https:\/\/www.atominium.com\/pl\/#organization\"},\"potentialAction\":[{\"@type\":\"SearchAction\",\"target\":{\"@type\":\"EntryPoint\",\"urlTemplate\":\"https:\/\/www.atominium.com\/pl\/?s={search_term_string}\"},\"query-input\":{\"@type\":\"PropertyValueSpecification\",\"valueRequired\":true,\"valueName\":\"search_term_string\"}}],\"inLanguage\":\"pl-PL\"},{\"@type\":\"Organization\",\"@id\":\"https:\/\/www.atominium.com\/pl\/#organization\",\"name\":\"Biuro t\u0142umacze\u0144 specjalistycznych Atominium Krak\u00f3w\",\"alternateName\":\"Atominium\",\"url\":\"https:\/\/www.atominium.com\/pl\/\",\"logo\":{\"@type\":\"ImageObject\",\"inLanguage\":\"pl-PL\",\"@id\":\"https:\/\/www.atominium.com\/pl\/#\/schema\/logo\/image\/\",\"url\":\"https:\/\/www.atominium.com\/pl\/wp-content\/uploads\/2021\/02\/logo-atominium.png\",\"contentUrl\":\"https:\/\/www.atominium.com\/pl\/wp-content\/uploads\/2021\/02\/logo-atominium.png\",\"width\":573,\"height\":90,\"caption\":\"Biuro t\u0142umacze\u0144 specjalistycznych Atominium Krak\u00f3w\"},\"image\":{\"@id\":\"https:\/\/www.atominium.com\/pl\/#\/schema\/logo\/image\/\"},\"sameAs\":[\"https:\/\/www.facebook.com\/p\/Atominium-Specialist-Translation-Agency-100052230326775\/\"]},{\"@type\":\"Person\",\"@id\":\"https:\/\/www.atominium.com\/pl\/#\/schema\/person\/2906c27107092631f4bffe78591c1893\",\"name\":\"Atominium\",\"image\":{\"@type\":\"ImageObject\",\"inLanguage\":\"pl-PL\",\"@id\":\"https:\/\/www.atominium.com\/pl\/#\/schema\/person\/image\/\",\"url\":\"https:\/\/secure.gravatar.com\/avatar\/922668877ae1f08e285966e5bda08312911a5a8b93ae4cdc451508934c30b139?s=96&d=mm&r=g\",\"contentUrl\":\"https:\/\/secure.gravatar.com\/avatar\/922668877ae1f08e285966e5bda08312911a5a8b93ae4cdc451508934c30b139?s=96&d=mm&r=g\",\"caption\":\"Atominium\"},\"url\":\"https:\/\/www.atominium.com\/pl\/blog\/author\/m-skrzypkowski\/\"}]}<\/script>\n<!-- \/ Yoast SEO plugin. -->","yoast_head_json":{"title":"Majowy Festiwal Czes\u0142awa Mi\u0142osza w Krakowie | Biuro t\u0142umacze\u0144 Atominium","description":"Majowy Festiwal Czes\u0142awa Mi\u0142osza w Krakowie: \u015awi\u0119tuj literatur\u0119 i poezj\u0119 na blogu Atominium. Dowiedz si\u0119 wi\u0119cej o tej inspiruj\u0105cej imprezie kulturalnej.","robots":{"index":"index","follow":"follow","max-snippet":"max-snippet:-1","max-image-preview":"max-image-preview:large","max-video-preview":"max-video-preview:-1"},"canonical":"https:\/\/www.atominium.com\/pl\/blog\/majowy-festiwal-czeslawa-milosza-w-krakowie\/","og_locale":"pl_PL","og_type":"article","og_title":"Majowy Festiwal Czes\u0142awa Mi\u0142osza w Krakowie | Biuro t\u0142umacze\u0144 Atominium","og_description":"Majowy Festiwal Czes\u0142awa Mi\u0142osza w Krakowie: \u015awi\u0119tuj literatur\u0119 i poezj\u0119 na blogu Atominium. Dowiedz si\u0119 wi\u0119cej o tej inspiruj\u0105cej imprezie kulturalnej.","og_url":"https:\/\/www.atominium.com\/pl\/blog\/majowy-festiwal-czeslawa-milosza-w-krakowie\/","og_site_name":"Biuro t\u0142umacze\u0144 specjalistycznych - Krak\u00f3w - Atominium","article_publisher":"https:\/\/www.facebook.com\/p\/Atominium-Specialist-Translation-Agency-100052230326775\/","article_published_time":"2011-04-27T14:07:04+00:00","article_modified_time":"2023-11-06T15:06:58+00:00","og_image":[{"url":"https:\/\/blog-new.atominium.com\/wp-content\/uploads\/2011\/04\/Milosz-300x160.jpg","type":"","width":"","height":""}],"author":"Atominium","schema":{"@context":"https:\/\/schema.org","@graph":[{"@type":"Article","@id":"https:\/\/www.atominium.com\/pl\/blog\/majowy-festiwal-czeslawa-milosza-w-krakowie\/#article","isPartOf":{"@id":"https:\/\/www.atominium.com\/pl\/blog\/majowy-festiwal-czeslawa-milosza-w-krakowie\/"},"author":{"name":"Atominium","@id":"https:\/\/www.atominium.com\/pl\/#\/schema\/person\/2906c27107092631f4bffe78591c1893"},"headline":"Majowy Festiwal Czes\u0142awa Mi\u0142osza w Krakowie","datePublished":"2011-04-27T14:07:04+00:00","dateModified":"2023-11-06T15:06:58+00:00","mainEntityOfPage":{"@id":"https:\/\/www.atominium.com\/pl\/blog\/majowy-festiwal-czeslawa-milosza-w-krakowie\/"},"wordCount":308,"publisher":{"@id":"https:\/\/www.atominium.com\/pl\/#organization"},"image":{"@id":"https:\/\/www.atominium.com\/pl\/blog\/majowy-festiwal-czeslawa-milosza-w-krakowie\/#primaryimage"},"thumbnailUrl":"https:\/\/blog-new.atominium.com\/wp-content\/uploads\/2011\/04\/Milosz-300x160.jpg","keywords":["czes\u0142aw mi\u0142osz","Instytut Ksi\u0105\u017cki","Krak\u00f3w","Mi\u0142osz","Rok Mi\u0142osza","Seminarium przek\u0142adowe","Spotkania"],"articleSection":["Dla t\u0142umaczy"],"inLanguage":"pl-PL"},{"@type":"WebPage","@id":"https:\/\/www.atominium.com\/pl\/blog\/majowy-festiwal-czeslawa-milosza-w-krakowie\/","url":"https:\/\/www.atominium.com\/pl\/blog\/majowy-festiwal-czeslawa-milosza-w-krakowie\/","name":"Majowy Festiwal Czes\u0142awa Mi\u0142osza w Krakowie | Biuro t\u0142umacze\u0144 Atominium","isPartOf":{"@id":"https:\/\/www.atominium.com\/pl\/#website"},"primaryImageOfPage":{"@id":"https:\/\/www.atominium.com\/pl\/blog\/majowy-festiwal-czeslawa-milosza-w-krakowie\/#primaryimage"},"image":{"@id":"https:\/\/www.atominium.com\/pl\/blog\/majowy-festiwal-czeslawa-milosza-w-krakowie\/#primaryimage"},"thumbnailUrl":"https:\/\/blog-new.atominium.com\/wp-content\/uploads\/2011\/04\/Milosz-300x160.jpg","datePublished":"2011-04-27T14:07:04+00:00","dateModified":"2023-11-06T15:06:58+00:00","description":"Majowy Festiwal Czes\u0142awa Mi\u0142osza w Krakowie: \u015awi\u0119tuj literatur\u0119 i poezj\u0119 na blogu Atominium. Dowiedz si\u0119 wi\u0119cej o tej inspiruj\u0105cej imprezie kulturalnej.","breadcrumb":{"@id":"https:\/\/www.atominium.com\/pl\/blog\/majowy-festiwal-czeslawa-milosza-w-krakowie\/#breadcrumb"},"inLanguage":"pl-PL","potentialAction":[{"@type":"ReadAction","target":["https:\/\/www.atominium.com\/pl\/blog\/majowy-festiwal-czeslawa-milosza-w-krakowie\/"]}]},{"@type":"ImageObject","inLanguage":"pl-PL","@id":"https:\/\/www.atominium.com\/pl\/blog\/majowy-festiwal-czeslawa-milosza-w-krakowie\/#primaryimage","url":"https:\/\/blog-new.atominium.com\/wp-content\/uploads\/2011\/04\/Milosz-300x160.jpg","contentUrl":"https:\/\/blog-new.atominium.com\/wp-content\/uploads\/2011\/04\/Milosz-300x160.jpg"},{"@type":"BreadcrumbList","@id":"https:\/\/www.atominium.com\/pl\/blog\/majowy-festiwal-czeslawa-milosza-w-krakowie\/#breadcrumb","itemListElement":[{"@type":"ListItem","position":1,"name":"Strona g\u0142\u00f3wna","item":"https:\/\/www.atominium.com\/pl\/"},{"@type":"ListItem","position":2,"name":"Majowy Festiwal Czes\u0142awa Mi\u0142osza w Krakowie"}]},{"@type":"WebSite","@id":"https:\/\/www.atominium.com\/pl\/#website","url":"https:\/\/www.atominium.com\/pl\/","name":"Biuro t\u0142umacze\u0144 specjalistycznych - Krak\u00f3w - Atominium","description":"Darmowa wycena w 15 min. T\u0142umaczenia: zwyk\u0142e, ustne, przysi\u0119g\u0142e, online. Biuro t\u0142umacze\u0144 Krak\u00f3w Atominium - ekspert w dziedzinie przek\u0142ad\u00f3w.","publisher":{"@id":"https:\/\/www.atominium.com\/pl\/#organization"},"potentialAction":[{"@type":"SearchAction","target":{"@type":"EntryPoint","urlTemplate":"https:\/\/www.atominium.com\/pl\/?s={search_term_string}"},"query-input":{"@type":"PropertyValueSpecification","valueRequired":true,"valueName":"search_term_string"}}],"inLanguage":"pl-PL"},{"@type":"Organization","@id":"https:\/\/www.atominium.com\/pl\/#organization","name":"Biuro t\u0142umacze\u0144 specjalistycznych Atominium Krak\u00f3w","alternateName":"Atominium","url":"https:\/\/www.atominium.com\/pl\/","logo":{"@type":"ImageObject","inLanguage":"pl-PL","@id":"https:\/\/www.atominium.com\/pl\/#\/schema\/logo\/image\/","url":"https:\/\/www.atominium.com\/pl\/wp-content\/uploads\/2021\/02\/logo-atominium.png","contentUrl":"https:\/\/www.atominium.com\/pl\/wp-content\/uploads\/2021\/02\/logo-atominium.png","width":573,"height":90,"caption":"Biuro t\u0142umacze\u0144 specjalistycznych Atominium Krak\u00f3w"},"image":{"@id":"https:\/\/www.atominium.com\/pl\/#\/schema\/logo\/image\/"},"sameAs":["https:\/\/www.facebook.com\/p\/Atominium-Specialist-Translation-Agency-100052230326775\/"]},{"@type":"Person","@id":"https:\/\/www.atominium.com\/pl\/#\/schema\/person\/2906c27107092631f4bffe78591c1893","name":"Atominium","image":{"@type":"ImageObject","inLanguage":"pl-PL","@id":"https:\/\/www.atominium.com\/pl\/#\/schema\/person\/image\/","url":"https:\/\/secure.gravatar.com\/avatar\/922668877ae1f08e285966e5bda08312911a5a8b93ae4cdc451508934c30b139?s=96&d=mm&r=g","contentUrl":"https:\/\/secure.gravatar.com\/avatar\/922668877ae1f08e285966e5bda08312911a5a8b93ae4cdc451508934c30b139?s=96&d=mm&r=g","caption":"Atominium"},"url":"https:\/\/www.atominium.com\/pl\/blog\/author\/m-skrzypkowski\/"}]}},"post_mailing_queue_ids":[],"_links":{"self":[{"href":"https:\/\/www.atominium.com\/pl\/wp-json\/wp\/v2\/posts\/16219","targetHints":{"allow":["GET"]}}],"collection":[{"href":"https:\/\/www.atominium.com\/pl\/wp-json\/wp\/v2\/posts"}],"about":[{"href":"https:\/\/www.atominium.com\/pl\/wp-json\/wp\/v2\/types\/post"}],"author":[{"embeddable":true,"href":"https:\/\/www.atominium.com\/pl\/wp-json\/wp\/v2\/users\/4"}],"replies":[{"embeddable":true,"href":"https:\/\/www.atominium.com\/pl\/wp-json\/wp\/v2\/comments?post=16219"}],"version-history":[{"count":1,"href":"https:\/\/www.atominium.com\/pl\/wp-json\/wp\/v2\/posts\/16219\/revisions"}],"predecessor-version":[{"id":16915,"href":"https:\/\/www.atominium.com\/pl\/wp-json\/wp\/v2\/posts\/16219\/revisions\/16915"}],"wp:attachment":[{"href":"https:\/\/www.atominium.com\/pl\/wp-json\/wp\/v2\/media?parent=16219"}],"wp:term":[{"taxonomy":"category","embeddable":true,"href":"https:\/\/www.atominium.com\/pl\/wp-json\/wp\/v2\/categories?post=16219"},{"taxonomy":"post_tag","embeddable":true,"href":"https:\/\/www.atominium.com\/pl\/wp-json\/wp\/v2\/tags?post=16219"}],"curies":[{"name":"wp","href":"https:\/\/api.w.org\/{rel}","templated":true}]}}