{"id":15981,"date":"2010-03-25T14:47:42","date_gmt":"2010-03-25T12:47:42","guid":{"rendered":"http:\/\/www.atominium.com\/blog\/?p=1657"},"modified":"2023-11-15T12:56:44","modified_gmt":"2023-11-15T11:56:44","slug":"godzina-dla-ziemi-wwf","status":"publish","type":"post","link":"https:\/\/www.atominium.com\/pl\/blog\/godzina-dla-ziemi-wwf\/","title":{"rendered":"Godzina dla Ziemi WWF"},"content":{"rendered":"<p style=\"text-align: center;\"><a href=\"https:\/\/blog-new.atominium.com\/wp-content\/uploads\/2010\/03\/godzina-dla-ziemi.jpeg\"><img fetchpriority=\"high\" decoding=\"async\" class=\"aligncenter wp-image-1656 size-full\" title=\"godzina dla ziemi\" src=\"https:\/\/blog-new.atominium.com\/wp-content\/uploads\/2010\/03\/godzina-dla-ziemi.jpeg\" alt=\"Godzina dla Ziemi WWF\" width=\"300\" height=\"294\" \/><\/a><\/p>\n<p style=\"text-align: justify;\">Ju\u017c 27 marca 2010 b\u0119dzie mia\u0142a miejsce kolejna og\u00f3lno\u015bwiatowa akcja ekologiczna pod szyldem WWF.<br \/>\nOd 2007 roku w ostatni\u0105 sobot\u0119 marca, Organizacja pr\u00f3buje zrzeszy\u0107 ludzi na ca\u0142ym \u015bwiecie, aby nakre\u015bli\u0107 problem, jakim jest globalne ocieplenie. Uczestnicy akcji na godzin\u0119 gasz\u0105 \u015bwiat\u0142a i inne urz\u0105dzenia elektryczne. W ten spos\u00f3b wyra\u017caj\u0105 sw\u00f3j protest wobec braku konkretnych dzia\u0142a\u0144 ze strony polityk\u00f3w i daj\u0105 zna\u0107, \u017ce sprawy Ziemi nie s\u0105 im oboj\u0119tne. G\u0142\u00f3wnym celem akcji jest podniesienie \u015bwiadomo\u015bci dotycz\u0105cej konieczno\u015bci przeciwdzia\u0142ania zmianom klimatycznym. Do zmian tych przyczynia si\u0119 w g\u0142\u00f3wnej mierze nadmierna emisja gaz\u00f3w cieplarnianych, a przede wszystkim dwutlenku w\u0119gla. Aby wzi\u0105\u0107 udzia\u0142 w akcji nie trzeba wiele: \u201ewystarczy, \u017ce wy\u0142\u0105czysz \u015bwiat\u0142o w sobot\u0119, 27 marca 2010 o godz. 20.30\u201d.<\/p>\n<p style=\"text-align: justify;\">Wi\u0119cej informacji na stronie: <a href=\"http:\/\/wwf.pl\/godzinadlaziemi\/\">http:\/\/wwf.pl\/godzinadlaziemi\/<\/a><\/p>\n<p style=\"text-align: justify;\">[youtube]http:\/\/www.youtube.com\/watch?v=88eiZ6EEY6M[\/youtube]<\/p>\n","protected":false},"excerpt":{"rendered":"<p>Ju\u017c 27 marca 2010 b\u0119dzie mia\u0142a miejsce kolejna og\u00f3lno\u015bwiatowa akcja ekologiczna pod szyldem WWF. Od 2007 roku w ostatni\u0105 sobot\u0119 marca, Organizacja pr\u00f3buje zrzeszy\u0107 ludzi na ca\u0142ym \u015bwiecie, aby nakre\u015bli\u0107 problem, jakim jest globalne ocieplenie. Uczestnicy akcji na godzin\u0119 gasz\u0105 \u015bwiat\u0142a i inne urz\u0105dzenia elektryczne. W ten spos\u00f3b wyra\u017caj\u0105 sw\u00f3j protest wobec braku konkretnych dzia\u0142a\u0144 [&hellip;]<\/p>\n","protected":false},"author":4,"featured_media":0,"comment_status":"open","ping_status":"open","sticky":false,"template":"","format":"standard","meta":{"footnotes":""},"categories":[40],"tags":[877,878],"class_list":["post-15981","post","type-post","status-publish","format-standard","hentry","category-miedzy-slowami","tag-godzina-dla-ziemi","tag-wwf"],"yoast_head":"<!-- This site is optimized with the Yoast SEO plugin v24.2 - https:\/\/yoast.com\/wordpress\/plugins\/seo\/ -->\n<title>Godzina dla Ziemi WWF | Biuro t\u0142umacze\u0144 Atominium<\/title>\n<meta name=\"description\" content=\"Godzina dla Ziemi WWF - refleksje na blogu Atominium. Poznaj wyzwania, kt\u00f3re stoj\u0105 przed nasz\u0105 planet\u0105 i jak mo\u017cemy j\u0105 chroni\u0107.\" \/>\n<meta name=\"robots\" content=\"index, follow, max-snippet:-1, max-image-preview:large, max-video-preview:-1\" \/>\n<link rel=\"canonical\" href=\"https:\/\/www.atominium.com\/pl\/blog\/godzina-dla-ziemi-wwf\/\" \/>\n<meta property=\"og:locale\" content=\"pl_PL\" \/>\n<meta property=\"og:type\" content=\"article\" \/>\n<meta property=\"og:title\" content=\"Godzina dla Ziemi WWF | Biuro t\u0142umacze\u0144 Atominium\" \/>\n<meta property=\"og:description\" content=\"Godzina dla Ziemi WWF - refleksje na blogu Atominium. Poznaj wyzwania, kt\u00f3re stoj\u0105 przed nasz\u0105 planet\u0105 i jak mo\u017cemy j\u0105 chroni\u0107.\" \/>\n<meta property=\"og:url\" content=\"https:\/\/www.atominium.com\/pl\/blog\/godzina-dla-ziemi-wwf\/\" \/>\n<meta property=\"og:site_name\" content=\"Biuro t\u0142umacze\u0144 specjalistycznych - Krak\u00f3w - Atominium\" \/>\n<meta property=\"article:publisher\" content=\"https:\/\/www.facebook.com\/p\/Atominium-Specialist-Translation-Agency-100052230326775\/\" \/>\n<meta property=\"article:published_time\" content=\"2010-03-25T12:47:42+00:00\" \/>\n<meta property=\"article:modified_time\" content=\"2023-11-15T11:56:44+00:00\" \/>\n<meta property=\"og:image\" content=\"https:\/\/blog-new.atominium.com\/wp-content\/uploads\/2010\/03\/godzina-dla-ziemi.jpeg\" \/>\n<meta name=\"author\" content=\"Atominium\" \/>\n<script type=\"application\/ld+json\" class=\"yoast-schema-graph\">{\"@context\":\"https:\/\/schema.org\",\"@graph\":[{\"@type\":\"Article\",\"@id\":\"https:\/\/www.atominium.com\/pl\/blog\/godzina-dla-ziemi-wwf\/#article\",\"isPartOf\":{\"@id\":\"https:\/\/www.atominium.com\/pl\/blog\/godzina-dla-ziemi-wwf\/\"},\"author\":{\"name\":\"Atominium\",\"@id\":\"https:\/\/www.atominium.com\/pl\/#\/schema\/person\/2906c27107092631f4bffe78591c1893\"},\"headline\":\"Godzina dla Ziemi WWF\",\"datePublished\":\"2010-03-25T12:47:42+00:00\",\"dateModified\":\"2023-11-15T11:56:44+00:00\",\"mainEntityOfPage\":{\"@id\":\"https:\/\/www.atominium.com\/pl\/blog\/godzina-dla-ziemi-wwf\/\"},\"wordCount\":159,\"commentCount\":0,\"publisher\":{\"@id\":\"https:\/\/www.atominium.com\/pl\/#organization\"},\"image\":{\"@id\":\"https:\/\/www.atominium.com\/pl\/blog\/godzina-dla-ziemi-wwf\/#primaryimage\"},\"thumbnailUrl\":\"https:\/\/blog-new.atominium.com\/wp-content\/uploads\/2010\/03\/godzina-dla-ziemi.jpeg\",\"keywords\":[\"godzina dla ziemi\",\"WWF\"],\"articleSection\":[\"Mi\u0119dzy s\u0142owami\"],\"inLanguage\":\"pl-PL\",\"potentialAction\":[{\"@type\":\"CommentAction\",\"name\":\"Comment\",\"target\":[\"https:\/\/www.atominium.com\/pl\/blog\/godzina-dla-ziemi-wwf\/#respond\"]}]},{\"@type\":\"WebPage\",\"@id\":\"https:\/\/www.atominium.com\/pl\/blog\/godzina-dla-ziemi-wwf\/\",\"url\":\"https:\/\/www.atominium.com\/pl\/blog\/godzina-dla-ziemi-wwf\/\",\"name\":\"Godzina dla Ziemi WWF | Biuro t\u0142umacze\u0144 Atominium\",\"isPartOf\":{\"@id\":\"https:\/\/www.atominium.com\/pl\/#website\"},\"primaryImageOfPage\":{\"@id\":\"https:\/\/www.atominium.com\/pl\/blog\/godzina-dla-ziemi-wwf\/#primaryimage\"},\"image\":{\"@id\":\"https:\/\/www.atominium.com\/pl\/blog\/godzina-dla-ziemi-wwf\/#primaryimage\"},\"thumbnailUrl\":\"https:\/\/blog-new.atominium.com\/wp-content\/uploads\/2010\/03\/godzina-dla-ziemi.jpeg\",\"datePublished\":\"2010-03-25T12:47:42+00:00\",\"dateModified\":\"2023-11-15T11:56:44+00:00\",\"description\":\"Godzina dla Ziemi WWF - refleksje na blogu Atominium. Poznaj wyzwania, kt\u00f3re stoj\u0105 przed nasz\u0105 planet\u0105 i jak mo\u017cemy j\u0105 chroni\u0107.\",\"breadcrumb\":{\"@id\":\"https:\/\/www.atominium.com\/pl\/blog\/godzina-dla-ziemi-wwf\/#breadcrumb\"},\"inLanguage\":\"pl-PL\",\"potentialAction\":[{\"@type\":\"ReadAction\",\"target\":[\"https:\/\/www.atominium.com\/pl\/blog\/godzina-dla-ziemi-wwf\/\"]}]},{\"@type\":\"ImageObject\",\"inLanguage\":\"pl-PL\",\"@id\":\"https:\/\/www.atominium.com\/pl\/blog\/godzina-dla-ziemi-wwf\/#primaryimage\",\"url\":\"https:\/\/blog-new.atominium.com\/wp-content\/uploads\/2010\/03\/godzina-dla-ziemi.jpeg\",\"contentUrl\":\"https:\/\/blog-new.atominium.com\/wp-content\/uploads\/2010\/03\/godzina-dla-ziemi.jpeg\"},{\"@type\":\"BreadcrumbList\",\"@id\":\"https:\/\/www.atominium.com\/pl\/blog\/godzina-dla-ziemi-wwf\/#breadcrumb\",\"itemListElement\":[{\"@type\":\"ListItem\",\"position\":1,\"name\":\"Strona g\u0142\u00f3wna\",\"item\":\"https:\/\/www.atominium.com\/pl\/\"},{\"@type\":\"ListItem\",\"position\":2,\"name\":\"Godzina dla Ziemi WWF\"}]},{\"@type\":\"WebSite\",\"@id\":\"https:\/\/www.atominium.com\/pl\/#website\",\"url\":\"https:\/\/www.atominium.com\/pl\/\",\"name\":\"Biuro t\u0142umacze\u0144 specjalistycznych - Krak\u00f3w - Atominium\",\"description\":\"Darmowa wycena w 15 min. T\u0142umaczenia: zwyk\u0142e, ustne, przysi\u0119g\u0142e, online. Biuro t\u0142umacze\u0144 Krak\u00f3w Atominium - ekspert w dziedzinie przek\u0142ad\u00f3w.\",\"publisher\":{\"@id\":\"https:\/\/www.atominium.com\/pl\/#organization\"},\"potentialAction\":[{\"@type\":\"SearchAction\",\"target\":{\"@type\":\"EntryPoint\",\"urlTemplate\":\"https:\/\/www.atominium.com\/pl\/?s={search_term_string}\"},\"query-input\":{\"@type\":\"PropertyValueSpecification\",\"valueRequired\":true,\"valueName\":\"search_term_string\"}}],\"inLanguage\":\"pl-PL\"},{\"@type\":\"Organization\",\"@id\":\"https:\/\/www.atominium.com\/pl\/#organization\",\"name\":\"Biuro t\u0142umacze\u0144 specjalistycznych Atominium Krak\u00f3w\",\"alternateName\":\"Atominium\",\"url\":\"https:\/\/www.atominium.com\/pl\/\",\"logo\":{\"@type\":\"ImageObject\",\"inLanguage\":\"pl-PL\",\"@id\":\"https:\/\/www.atominium.com\/pl\/#\/schema\/logo\/image\/\",\"url\":\"https:\/\/www.atominium.com\/pl\/wp-content\/uploads\/2021\/02\/logo-atominium.png\",\"contentUrl\":\"https:\/\/www.atominium.com\/pl\/wp-content\/uploads\/2021\/02\/logo-atominium.png\",\"width\":573,\"height\":90,\"caption\":\"Biuro t\u0142umacze\u0144 specjalistycznych Atominium Krak\u00f3w\"},\"image\":{\"@id\":\"https:\/\/www.atominium.com\/pl\/#\/schema\/logo\/image\/\"},\"sameAs\":[\"https:\/\/www.facebook.com\/p\/Atominium-Specialist-Translation-Agency-100052230326775\/\"]},{\"@type\":\"Person\",\"@id\":\"https:\/\/www.atominium.com\/pl\/#\/schema\/person\/2906c27107092631f4bffe78591c1893\",\"name\":\"Atominium\",\"image\":{\"@type\":\"ImageObject\",\"inLanguage\":\"pl-PL\",\"@id\":\"https:\/\/www.atominium.com\/pl\/#\/schema\/person\/image\/\",\"url\":\"https:\/\/secure.gravatar.com\/avatar\/922668877ae1f08e285966e5bda08312911a5a8b93ae4cdc451508934c30b139?s=96&d=mm&r=g\",\"contentUrl\":\"https:\/\/secure.gravatar.com\/avatar\/922668877ae1f08e285966e5bda08312911a5a8b93ae4cdc451508934c30b139?s=96&d=mm&r=g\",\"caption\":\"Atominium\"},\"url\":\"https:\/\/www.atominium.com\/pl\/blog\/author\/m-skrzypkowski\/\"}]}<\/script>\n<!-- \/ Yoast SEO plugin. -->","yoast_head_json":{"title":"Godzina dla Ziemi WWF | Biuro t\u0142umacze\u0144 Atominium","description":"Godzina dla Ziemi WWF - refleksje na blogu Atominium. Poznaj wyzwania, kt\u00f3re stoj\u0105 przed nasz\u0105 planet\u0105 i jak mo\u017cemy j\u0105 chroni\u0107.","robots":{"index":"index","follow":"follow","max-snippet":"max-snippet:-1","max-image-preview":"max-image-preview:large","max-video-preview":"max-video-preview:-1"},"canonical":"https:\/\/www.atominium.com\/pl\/blog\/godzina-dla-ziemi-wwf\/","og_locale":"pl_PL","og_type":"article","og_title":"Godzina dla Ziemi WWF | Biuro t\u0142umacze\u0144 Atominium","og_description":"Godzina dla Ziemi WWF - refleksje na blogu Atominium. Poznaj wyzwania, kt\u00f3re stoj\u0105 przed nasz\u0105 planet\u0105 i jak mo\u017cemy j\u0105 chroni\u0107.","og_url":"https:\/\/www.atominium.com\/pl\/blog\/godzina-dla-ziemi-wwf\/","og_site_name":"Biuro t\u0142umacze\u0144 specjalistycznych - Krak\u00f3w - Atominium","article_publisher":"https:\/\/www.facebook.com\/p\/Atominium-Specialist-Translation-Agency-100052230326775\/","article_published_time":"2010-03-25T12:47:42+00:00","article_modified_time":"2023-11-15T11:56:44+00:00","og_image":[{"url":"https:\/\/blog-new.atominium.com\/wp-content\/uploads\/2010\/03\/godzina-dla-ziemi.jpeg","type":"","width":"","height":""}],"author":"Atominium","schema":{"@context":"https:\/\/schema.org","@graph":[{"@type":"Article","@id":"https:\/\/www.atominium.com\/pl\/blog\/godzina-dla-ziemi-wwf\/#article","isPartOf":{"@id":"https:\/\/www.atominium.com\/pl\/blog\/godzina-dla-ziemi-wwf\/"},"author":{"name":"Atominium","@id":"https:\/\/www.atominium.com\/pl\/#\/schema\/person\/2906c27107092631f4bffe78591c1893"},"headline":"Godzina dla Ziemi WWF","datePublished":"2010-03-25T12:47:42+00:00","dateModified":"2023-11-15T11:56:44+00:00","mainEntityOfPage":{"@id":"https:\/\/www.atominium.com\/pl\/blog\/godzina-dla-ziemi-wwf\/"},"wordCount":159,"commentCount":0,"publisher":{"@id":"https:\/\/www.atominium.com\/pl\/#organization"},"image":{"@id":"https:\/\/www.atominium.com\/pl\/blog\/godzina-dla-ziemi-wwf\/#primaryimage"},"thumbnailUrl":"https:\/\/blog-new.atominium.com\/wp-content\/uploads\/2010\/03\/godzina-dla-ziemi.jpeg","keywords":["godzina dla ziemi","WWF"],"articleSection":["Mi\u0119dzy s\u0142owami"],"inLanguage":"pl-PL","potentialAction":[{"@type":"CommentAction","name":"Comment","target":["https:\/\/www.atominium.com\/pl\/blog\/godzina-dla-ziemi-wwf\/#respond"]}]},{"@type":"WebPage","@id":"https:\/\/www.atominium.com\/pl\/blog\/godzina-dla-ziemi-wwf\/","url":"https:\/\/www.atominium.com\/pl\/blog\/godzina-dla-ziemi-wwf\/","name":"Godzina dla Ziemi WWF | Biuro t\u0142umacze\u0144 Atominium","isPartOf":{"@id":"https:\/\/www.atominium.com\/pl\/#website"},"primaryImageOfPage":{"@id":"https:\/\/www.atominium.com\/pl\/blog\/godzina-dla-ziemi-wwf\/#primaryimage"},"image":{"@id":"https:\/\/www.atominium.com\/pl\/blog\/godzina-dla-ziemi-wwf\/#primaryimage"},"thumbnailUrl":"https:\/\/blog-new.atominium.com\/wp-content\/uploads\/2010\/03\/godzina-dla-ziemi.jpeg","datePublished":"2010-03-25T12:47:42+00:00","dateModified":"2023-11-15T11:56:44+00:00","description":"Godzina dla Ziemi WWF - refleksje na blogu Atominium. Poznaj wyzwania, kt\u00f3re stoj\u0105 przed nasz\u0105 planet\u0105 i jak mo\u017cemy j\u0105 chroni\u0107.","breadcrumb":{"@id":"https:\/\/www.atominium.com\/pl\/blog\/godzina-dla-ziemi-wwf\/#breadcrumb"},"inLanguage":"pl-PL","potentialAction":[{"@type":"ReadAction","target":["https:\/\/www.atominium.com\/pl\/blog\/godzina-dla-ziemi-wwf\/"]}]},{"@type":"ImageObject","inLanguage":"pl-PL","@id":"https:\/\/www.atominium.com\/pl\/blog\/godzina-dla-ziemi-wwf\/#primaryimage","url":"https:\/\/blog-new.atominium.com\/wp-content\/uploads\/2010\/03\/godzina-dla-ziemi.jpeg","contentUrl":"https:\/\/blog-new.atominium.com\/wp-content\/uploads\/2010\/03\/godzina-dla-ziemi.jpeg"},{"@type":"BreadcrumbList","@id":"https:\/\/www.atominium.com\/pl\/blog\/godzina-dla-ziemi-wwf\/#breadcrumb","itemListElement":[{"@type":"ListItem","position":1,"name":"Strona g\u0142\u00f3wna","item":"https:\/\/www.atominium.com\/pl\/"},{"@type":"ListItem","position":2,"name":"Godzina dla Ziemi WWF"}]},{"@type":"WebSite","@id":"https:\/\/www.atominium.com\/pl\/#website","url":"https:\/\/www.atominium.com\/pl\/","name":"Biuro t\u0142umacze\u0144 specjalistycznych - Krak\u00f3w - Atominium","description":"Darmowa wycena w 15 min. T\u0142umaczenia: zwyk\u0142e, ustne, przysi\u0119g\u0142e, online. Biuro t\u0142umacze\u0144 Krak\u00f3w Atominium - ekspert w dziedzinie przek\u0142ad\u00f3w.","publisher":{"@id":"https:\/\/www.atominium.com\/pl\/#organization"},"potentialAction":[{"@type":"SearchAction","target":{"@type":"EntryPoint","urlTemplate":"https:\/\/www.atominium.com\/pl\/?s={search_term_string}"},"query-input":{"@type":"PropertyValueSpecification","valueRequired":true,"valueName":"search_term_string"}}],"inLanguage":"pl-PL"},{"@type":"Organization","@id":"https:\/\/www.atominium.com\/pl\/#organization","name":"Biuro t\u0142umacze\u0144 specjalistycznych Atominium Krak\u00f3w","alternateName":"Atominium","url":"https:\/\/www.atominium.com\/pl\/","logo":{"@type":"ImageObject","inLanguage":"pl-PL","@id":"https:\/\/www.atominium.com\/pl\/#\/schema\/logo\/image\/","url":"https:\/\/www.atominium.com\/pl\/wp-content\/uploads\/2021\/02\/logo-atominium.png","contentUrl":"https:\/\/www.atominium.com\/pl\/wp-content\/uploads\/2021\/02\/logo-atominium.png","width":573,"height":90,"caption":"Biuro t\u0142umacze\u0144 specjalistycznych Atominium Krak\u00f3w"},"image":{"@id":"https:\/\/www.atominium.com\/pl\/#\/schema\/logo\/image\/"},"sameAs":["https:\/\/www.facebook.com\/p\/Atominium-Specialist-Translation-Agency-100052230326775\/"]},{"@type":"Person","@id":"https:\/\/www.atominium.com\/pl\/#\/schema\/person\/2906c27107092631f4bffe78591c1893","name":"Atominium","image":{"@type":"ImageObject","inLanguage":"pl-PL","@id":"https:\/\/www.atominium.com\/pl\/#\/schema\/person\/image\/","url":"https:\/\/secure.gravatar.com\/avatar\/922668877ae1f08e285966e5bda08312911a5a8b93ae4cdc451508934c30b139?s=96&d=mm&r=g","contentUrl":"https:\/\/secure.gravatar.com\/avatar\/922668877ae1f08e285966e5bda08312911a5a8b93ae4cdc451508934c30b139?s=96&d=mm&r=g","caption":"Atominium"},"url":"https:\/\/www.atominium.com\/pl\/blog\/author\/m-skrzypkowski\/"}]}},"post_mailing_queue_ids":[],"_links":{"self":[{"href":"https:\/\/www.atominium.com\/pl\/wp-json\/wp\/v2\/posts\/15981","targetHints":{"allow":["GET"]}}],"collection":[{"href":"https:\/\/www.atominium.com\/pl\/wp-json\/wp\/v2\/posts"}],"about":[{"href":"https:\/\/www.atominium.com\/pl\/wp-json\/wp\/v2\/types\/post"}],"author":[{"embeddable":true,"href":"https:\/\/www.atominium.com\/pl\/wp-json\/wp\/v2\/users\/4"}],"replies":[{"embeddable":true,"href":"https:\/\/www.atominium.com\/pl\/wp-json\/wp\/v2\/comments?post=15981"}],"version-history":[{"count":1,"href":"https:\/\/www.atominium.com\/pl\/wp-json\/wp\/v2\/posts\/15981\/revisions"}],"predecessor-version":[{"id":17197,"href":"https:\/\/www.atominium.com\/pl\/wp-json\/wp\/v2\/posts\/15981\/revisions\/17197"}],"wp:attachment":[{"href":"https:\/\/www.atominium.com\/pl\/wp-json\/wp\/v2\/media?parent=15981"}],"wp:term":[{"taxonomy":"category","embeddable":true,"href":"https:\/\/www.atominium.com\/pl\/wp-json\/wp\/v2\/categories?post=15981"},{"taxonomy":"post_tag","embeddable":true,"href":"https:\/\/www.atominium.com\/pl\/wp-json\/wp\/v2\/tags?post=15981"}],"curies":[{"name":"wp","href":"https:\/\/api.w.org\/{rel}","templated":true}]}}