{"id":15920,"date":"2009-11-24T13:19:26","date_gmt":"2009-11-24T11:19:26","guid":{"rendered":"http:\/\/atominium.com\/blog\/?p=553"},"modified":"2023-11-15T15:13:28","modified_gmt":"2023-11-15T14:13:28","slug":"20-lat-praw-dziecka","status":"publish","type":"post","link":"https:\/\/www.atominium.com\/pl\/blog\/20-lat-praw-dziecka\/","title":{"rendered":"20 LAT PRAW DZIECKA"},"content":{"rendered":"<p style=\"text-align: center;\"><img decoding=\"async\" class=\"alignnone wp-image-556 size-full\" title=\"dzieci - ko\u0142o \u015bwiata\" src=\"https:\/\/blog.atominium.com\/wp-content\/uploads\/2009\/11\/dzieci1.jpg\" alt=\"20 LAT PRAW DZIECKA\" width=\"101\" height=\"100\" \/><\/p>\n<p style=\"text-align: justify;\">W listopadzie obchodzimy 20. rocznic\u0119 uchwalenia Konwencji o prawach dziecka, potocznie nazywan\u0105 \u015bwiatow\u0105 konstytucj\u0105 praw dziecka. Jest to rewolucyjny dokument, w kt\u00f3rym po raz pierwszy m\u00f3wi si\u0119 o prawach i wolno\u015bci osobistej dziecka.<\/p>\n<p style=\"text-align: justify;\">Powstanie Konwencji zainicjowa\u0142a Polska, zg\u0142aszaj\u0105c pierwszy projekt tego dokumentu. Na forum mi\u0119dzynarodowym podkre\u015bla si\u0119 zas\u0142ugi wsp\u00f3\u0142tw\u00f3rcy Konwencji prof. Adama \u0141opatki. Mocno docenia si\u0119 te\u017c Janusza Korczaka, kt\u00f3ry uwa\u017cany jest za prekursora praw dziecka.<\/p>\n<p style=\"text-align: justify;\">Dzi\u015b Polska jest jednym ze 193 pa\u0144stw, kt\u00f3re ratyfikowa\u0142y Konwencj\u0119. Ka\u017cde z tych pa\u0144stw zobowi\u0105zane jest do sk\u0142adania raport\u00f3w z jej wykonywania do specjalnie w tym celu powo\u0142anego Komitetu Praw Dziecka z siedzib\u0105 w Genewie.<\/p>\n<p style=\"text-align: left;\"><em>\u017ar\u00f3d\u0142o:<\/em> <a href=\"http:\/\/edukacja.gazeta.pl\/edukacja\/0,103256.html\">http:\/\/edukacja.gazeta.pl\/edukacja\/0,103256.html<\/a><\/p>\n","protected":false},"excerpt":{"rendered":"<p>W listopadzie obchodzimy 20. rocznic\u0119 uchwalenia Konwencji o prawach dziecka, potocznie nazywan\u0105 \u015bwiatow\u0105 konstytucj\u0105 praw dziecka. Jest to rewolucyjny dokument, w kt\u00f3rym po raz pierwszy m\u00f3wi si\u0119 o prawach i wolno\u015bci osobistej dziecka. Powstanie Konwencji zainicjowa\u0142a Polska, zg\u0142aszaj\u0105c pierwszy projekt tego dokumentu. Na forum mi\u0119dzynarodowym podkre\u015bla si\u0119 zas\u0142ugi wsp\u00f3\u0142tw\u00f3rcy Konwencji prof. Adama \u0141opatki. Mocno docenia [&hellip;]<\/p>\n","protected":false},"author":4,"featured_media":11139,"comment_status":"open","ping_status":"open","sticky":false,"template":"","format":"standard","meta":{"footnotes":""},"categories":[40],"tags":[24,45,94,295,291,523,21,28],"class_list":["post-15920","post","type-post","status-publish","format-standard","has-post-thumbnail","hentry","category-miedzy-slowami","tag-atominium-tlumaczenia","tag-ciekawostki","tag-krakow","tag-narzedzia-cat","tag-tanie-tlumaczenia","tag-tlumaczenia-warszawa","tag-tlumaczenia","tag-tlumaczenia-krakow"],"yoast_head":"<!-- This site is optimized with the Yoast SEO plugin v24.2 - https:\/\/yoast.com\/wordpress\/plugins\/seo\/ -->\n<title>20 LAT PRAW DZIECKA | Biuro t\u0142umacze\u0144 Atominium<\/title>\n<meta name=\"description\" content=\"\u015awi\u0119tuj z nami 20 lat Prawa Dziecka! Przeczytaj, jakie kroki zosta\u0142y podj\u0119te, by chroni\u0107 prawa najm\u0142odszych, i jakie dzia\u0142ania s\u0105 wci\u0105\u017c potrzebne.\" \/>\n<meta name=\"robots\" content=\"index, follow, max-snippet:-1, max-image-preview:large, max-video-preview:-1\" \/>\n<link rel=\"canonical\" href=\"https:\/\/www.atominium.com\/pl\/blog\/20-lat-praw-dziecka\/\" \/>\n<meta property=\"og:locale\" content=\"pl_PL\" \/>\n<meta property=\"og:type\" content=\"article\" \/>\n<meta property=\"og:title\" content=\"20 LAT PRAW DZIECKA | Biuro t\u0142umacze\u0144 Atominium\" \/>\n<meta property=\"og:description\" content=\"\u015awi\u0119tuj z nami 20 lat Prawa Dziecka! Przeczytaj, jakie kroki zosta\u0142y podj\u0119te, by chroni\u0107 prawa najm\u0142odszych, i jakie dzia\u0142ania s\u0105 wci\u0105\u017c potrzebne.\" \/>\n<meta property=\"og:url\" content=\"https:\/\/www.atominium.com\/pl\/blog\/20-lat-praw-dziecka\/\" \/>\n<meta property=\"og:site_name\" content=\"Biuro t\u0142umacze\u0144 specjalistycznych - Krak\u00f3w - Atominium\" \/>\n<meta property=\"article:publisher\" content=\"https:\/\/www.facebook.com\/p\/Atominium-Specialist-Translation-Agency-100052230326775\/\" \/>\n<meta property=\"article:published_time\" content=\"2009-11-24T11:19:26+00:00\" \/>\n<meta property=\"article:modified_time\" content=\"2023-11-15T14:13:28+00:00\" \/>\n<meta property=\"og:image\" content=\"https:\/\/www.atominium.com\/pl\/wp-content\/uploads\/2009\/11\/unnamed.jpg\" \/>\n\t<meta property=\"og:image:width\" content=\"512\" \/>\n\t<meta property=\"og:image:height\" content=\"288\" \/>\n\t<meta property=\"og:image:type\" content=\"image\/jpeg\" \/>\n<meta name=\"author\" content=\"Atominium\" \/>\n<script type=\"application\/ld+json\" class=\"yoast-schema-graph\">{\"@context\":\"https:\/\/schema.org\",\"@graph\":[{\"@type\":\"Article\",\"@id\":\"https:\/\/www.atominium.com\/pl\/blog\/20-lat-praw-dziecka\/#article\",\"isPartOf\":{\"@id\":\"https:\/\/www.atominium.com\/pl\/blog\/20-lat-praw-dziecka\/\"},\"author\":{\"name\":\"Atominium\",\"@id\":\"https:\/\/www.atominium.com\/pl\/#\/schema\/person\/2906c27107092631f4bffe78591c1893\"},\"headline\":\"20 LAT PRAW DZIECKA\",\"datePublished\":\"2009-11-24T11:19:26+00:00\",\"dateModified\":\"2023-11-15T14:13:28+00:00\",\"mainEntityOfPage\":{\"@id\":\"https:\/\/www.atominium.com\/pl\/blog\/20-lat-praw-dziecka\/\"},\"wordCount\":133,\"commentCount\":0,\"publisher\":{\"@id\":\"https:\/\/www.atominium.com\/pl\/#organization\"},\"image\":{\"@id\":\"https:\/\/www.atominium.com\/pl\/blog\/20-lat-praw-dziecka\/#primaryimage\"},\"thumbnailUrl\":\"https:\/\/www.atominium.com\/pl\/wp-content\/uploads\/2009\/11\/unnamed.jpg\",\"keywords\":[\"atominium t\u0142umaczenia\",\"ciekawostki\",\"Krak\u00f3w\",\"narz\u0119dzia CAT\",\"tanie tlumaczenia\",\"tlumaczenia Warszawa\",\"t\u0142umaczenia\",\"t\u0142umaczenia krak\u00f3w\"],\"articleSection\":[\"Mi\u0119dzy s\u0142owami\"],\"inLanguage\":\"pl-PL\",\"potentialAction\":[{\"@type\":\"CommentAction\",\"name\":\"Comment\",\"target\":[\"https:\/\/www.atominium.com\/pl\/blog\/20-lat-praw-dziecka\/#respond\"]}]},{\"@type\":\"WebPage\",\"@id\":\"https:\/\/www.atominium.com\/pl\/blog\/20-lat-praw-dziecka\/\",\"url\":\"https:\/\/www.atominium.com\/pl\/blog\/20-lat-praw-dziecka\/\",\"name\":\"20 LAT PRAW DZIECKA | Biuro t\u0142umacze\u0144 Atominium\",\"isPartOf\":{\"@id\":\"https:\/\/www.atominium.com\/pl\/#website\"},\"primaryImageOfPage\":{\"@id\":\"https:\/\/www.atominium.com\/pl\/blog\/20-lat-praw-dziecka\/#primaryimage\"},\"image\":{\"@id\":\"https:\/\/www.atominium.com\/pl\/blog\/20-lat-praw-dziecka\/#primaryimage\"},\"thumbnailUrl\":\"https:\/\/www.atominium.com\/pl\/wp-content\/uploads\/2009\/11\/unnamed.jpg\",\"datePublished\":\"2009-11-24T11:19:26+00:00\",\"dateModified\":\"2023-11-15T14:13:28+00:00\",\"description\":\"\u015awi\u0119tuj z nami 20 lat Prawa Dziecka! Przeczytaj, jakie kroki zosta\u0142y podj\u0119te, by chroni\u0107 prawa najm\u0142odszych, i jakie dzia\u0142ania s\u0105 wci\u0105\u017c potrzebne.\",\"breadcrumb\":{\"@id\":\"https:\/\/www.atominium.com\/pl\/blog\/20-lat-praw-dziecka\/#breadcrumb\"},\"inLanguage\":\"pl-PL\",\"potentialAction\":[{\"@type\":\"ReadAction\",\"target\":[\"https:\/\/www.atominium.com\/pl\/blog\/20-lat-praw-dziecka\/\"]}]},{\"@type\":\"ImageObject\",\"inLanguage\":\"pl-PL\",\"@id\":\"https:\/\/www.atominium.com\/pl\/blog\/20-lat-praw-dziecka\/#primaryimage\",\"url\":\"https:\/\/www.atominium.com\/pl\/wp-content\/uploads\/2009\/11\/unnamed.jpg\",\"contentUrl\":\"https:\/\/www.atominium.com\/pl\/wp-content\/uploads\/2009\/11\/unnamed.jpg\",\"width\":512,\"height\":288},{\"@type\":\"BreadcrumbList\",\"@id\":\"https:\/\/www.atominium.com\/pl\/blog\/20-lat-praw-dziecka\/#breadcrumb\",\"itemListElement\":[{\"@type\":\"ListItem\",\"position\":1,\"name\":\"Strona g\u0142\u00f3wna\",\"item\":\"https:\/\/www.atominium.com\/pl\/\"},{\"@type\":\"ListItem\",\"position\":2,\"name\":\"20 LAT PRAW DZIECKA\"}]},{\"@type\":\"WebSite\",\"@id\":\"https:\/\/www.atominium.com\/pl\/#website\",\"url\":\"https:\/\/www.atominium.com\/pl\/\",\"name\":\"Biuro t\u0142umacze\u0144 specjalistycznych - Krak\u00f3w - Atominium\",\"description\":\"Darmowa wycena w 15 min. T\u0142umaczenia: zwyk\u0142e, ustne, przysi\u0119g\u0142e, online. Biuro t\u0142umacze\u0144 Krak\u00f3w Atominium - ekspert w dziedzinie przek\u0142ad\u00f3w.\",\"publisher\":{\"@id\":\"https:\/\/www.atominium.com\/pl\/#organization\"},\"potentialAction\":[{\"@type\":\"SearchAction\",\"target\":{\"@type\":\"EntryPoint\",\"urlTemplate\":\"https:\/\/www.atominium.com\/pl\/?s={search_term_string}\"},\"query-input\":{\"@type\":\"PropertyValueSpecification\",\"valueRequired\":true,\"valueName\":\"search_term_string\"}}],\"inLanguage\":\"pl-PL\"},{\"@type\":\"Organization\",\"@id\":\"https:\/\/www.atominium.com\/pl\/#organization\",\"name\":\"Biuro t\u0142umacze\u0144 specjalistycznych Atominium Krak\u00f3w\",\"alternateName\":\"Atominium\",\"url\":\"https:\/\/www.atominium.com\/pl\/\",\"logo\":{\"@type\":\"ImageObject\",\"inLanguage\":\"pl-PL\",\"@id\":\"https:\/\/www.atominium.com\/pl\/#\/schema\/logo\/image\/\",\"url\":\"https:\/\/www.atominium.com\/pl\/wp-content\/uploads\/2021\/02\/logo-atominium.png\",\"contentUrl\":\"https:\/\/www.atominium.com\/pl\/wp-content\/uploads\/2021\/02\/logo-atominium.png\",\"width\":573,\"height\":90,\"caption\":\"Biuro t\u0142umacze\u0144 specjalistycznych Atominium Krak\u00f3w\"},\"image\":{\"@id\":\"https:\/\/www.atominium.com\/pl\/#\/schema\/logo\/image\/\"},\"sameAs\":[\"https:\/\/www.facebook.com\/p\/Atominium-Specialist-Translation-Agency-100052230326775\/\"]},{\"@type\":\"Person\",\"@id\":\"https:\/\/www.atominium.com\/pl\/#\/schema\/person\/2906c27107092631f4bffe78591c1893\",\"name\":\"Atominium\",\"image\":{\"@type\":\"ImageObject\",\"inLanguage\":\"pl-PL\",\"@id\":\"https:\/\/www.atominium.com\/pl\/#\/schema\/person\/image\/\",\"url\":\"https:\/\/secure.gravatar.com\/avatar\/922668877ae1f08e285966e5bda08312911a5a8b93ae4cdc451508934c30b139?s=96&d=mm&r=g\",\"contentUrl\":\"https:\/\/secure.gravatar.com\/avatar\/922668877ae1f08e285966e5bda08312911a5a8b93ae4cdc451508934c30b139?s=96&d=mm&r=g\",\"caption\":\"Atominium\"},\"url\":\"https:\/\/www.atominium.com\/pl\/blog\/author\/m-skrzypkowski\/\"}]}<\/script>\n<!-- \/ Yoast SEO plugin. -->","yoast_head_json":{"title":"20 LAT PRAW DZIECKA | Biuro t\u0142umacze\u0144 Atominium","description":"\u015awi\u0119tuj z nami 20 lat Prawa Dziecka! Przeczytaj, jakie kroki zosta\u0142y podj\u0119te, by chroni\u0107 prawa najm\u0142odszych, i jakie dzia\u0142ania s\u0105 wci\u0105\u017c potrzebne.","robots":{"index":"index","follow":"follow","max-snippet":"max-snippet:-1","max-image-preview":"max-image-preview:large","max-video-preview":"max-video-preview:-1"},"canonical":"https:\/\/www.atominium.com\/pl\/blog\/20-lat-praw-dziecka\/","og_locale":"pl_PL","og_type":"article","og_title":"20 LAT PRAW DZIECKA | Biuro t\u0142umacze\u0144 Atominium","og_description":"\u015awi\u0119tuj z nami 20 lat Prawa Dziecka! Przeczytaj, jakie kroki zosta\u0142y podj\u0119te, by chroni\u0107 prawa najm\u0142odszych, i jakie dzia\u0142ania s\u0105 wci\u0105\u017c potrzebne.","og_url":"https:\/\/www.atominium.com\/pl\/blog\/20-lat-praw-dziecka\/","og_site_name":"Biuro t\u0142umacze\u0144 specjalistycznych - Krak\u00f3w - Atominium","article_publisher":"https:\/\/www.facebook.com\/p\/Atominium-Specialist-Translation-Agency-100052230326775\/","article_published_time":"2009-11-24T11:19:26+00:00","article_modified_time":"2023-11-15T14:13:28+00:00","og_image":[{"width":512,"height":288,"url":"https:\/\/www.atominium.com\/pl\/wp-content\/uploads\/2009\/11\/unnamed.jpg","type":"image\/jpeg"}],"author":"Atominium","schema":{"@context":"https:\/\/schema.org","@graph":[{"@type":"Article","@id":"https:\/\/www.atominium.com\/pl\/blog\/20-lat-praw-dziecka\/#article","isPartOf":{"@id":"https:\/\/www.atominium.com\/pl\/blog\/20-lat-praw-dziecka\/"},"author":{"name":"Atominium","@id":"https:\/\/www.atominium.com\/pl\/#\/schema\/person\/2906c27107092631f4bffe78591c1893"},"headline":"20 LAT PRAW DZIECKA","datePublished":"2009-11-24T11:19:26+00:00","dateModified":"2023-11-15T14:13:28+00:00","mainEntityOfPage":{"@id":"https:\/\/www.atominium.com\/pl\/blog\/20-lat-praw-dziecka\/"},"wordCount":133,"commentCount":0,"publisher":{"@id":"https:\/\/www.atominium.com\/pl\/#organization"},"image":{"@id":"https:\/\/www.atominium.com\/pl\/blog\/20-lat-praw-dziecka\/#primaryimage"},"thumbnailUrl":"https:\/\/www.atominium.com\/pl\/wp-content\/uploads\/2009\/11\/unnamed.jpg","keywords":["atominium t\u0142umaczenia","ciekawostki","Krak\u00f3w","narz\u0119dzia CAT","tanie tlumaczenia","tlumaczenia Warszawa","t\u0142umaczenia","t\u0142umaczenia krak\u00f3w"],"articleSection":["Mi\u0119dzy s\u0142owami"],"inLanguage":"pl-PL","potentialAction":[{"@type":"CommentAction","name":"Comment","target":["https:\/\/www.atominium.com\/pl\/blog\/20-lat-praw-dziecka\/#respond"]}]},{"@type":"WebPage","@id":"https:\/\/www.atominium.com\/pl\/blog\/20-lat-praw-dziecka\/","url":"https:\/\/www.atominium.com\/pl\/blog\/20-lat-praw-dziecka\/","name":"20 LAT PRAW DZIECKA | Biuro t\u0142umacze\u0144 Atominium","isPartOf":{"@id":"https:\/\/www.atominium.com\/pl\/#website"},"primaryImageOfPage":{"@id":"https:\/\/www.atominium.com\/pl\/blog\/20-lat-praw-dziecka\/#primaryimage"},"image":{"@id":"https:\/\/www.atominium.com\/pl\/blog\/20-lat-praw-dziecka\/#primaryimage"},"thumbnailUrl":"https:\/\/www.atominium.com\/pl\/wp-content\/uploads\/2009\/11\/unnamed.jpg","datePublished":"2009-11-24T11:19:26+00:00","dateModified":"2023-11-15T14:13:28+00:00","description":"\u015awi\u0119tuj z nami 20 lat Prawa Dziecka! Przeczytaj, jakie kroki zosta\u0142y podj\u0119te, by chroni\u0107 prawa najm\u0142odszych, i jakie dzia\u0142ania s\u0105 wci\u0105\u017c potrzebne.","breadcrumb":{"@id":"https:\/\/www.atominium.com\/pl\/blog\/20-lat-praw-dziecka\/#breadcrumb"},"inLanguage":"pl-PL","potentialAction":[{"@type":"ReadAction","target":["https:\/\/www.atominium.com\/pl\/blog\/20-lat-praw-dziecka\/"]}]},{"@type":"ImageObject","inLanguage":"pl-PL","@id":"https:\/\/www.atominium.com\/pl\/blog\/20-lat-praw-dziecka\/#primaryimage","url":"https:\/\/www.atominium.com\/pl\/wp-content\/uploads\/2009\/11\/unnamed.jpg","contentUrl":"https:\/\/www.atominium.com\/pl\/wp-content\/uploads\/2009\/11\/unnamed.jpg","width":512,"height":288},{"@type":"BreadcrumbList","@id":"https:\/\/www.atominium.com\/pl\/blog\/20-lat-praw-dziecka\/#breadcrumb","itemListElement":[{"@type":"ListItem","position":1,"name":"Strona g\u0142\u00f3wna","item":"https:\/\/www.atominium.com\/pl\/"},{"@type":"ListItem","position":2,"name":"20 LAT PRAW DZIECKA"}]},{"@type":"WebSite","@id":"https:\/\/www.atominium.com\/pl\/#website","url":"https:\/\/www.atominium.com\/pl\/","name":"Biuro t\u0142umacze\u0144 specjalistycznych - Krak\u00f3w - Atominium","description":"Darmowa wycena w 15 min. T\u0142umaczenia: zwyk\u0142e, ustne, przysi\u0119g\u0142e, online. Biuro t\u0142umacze\u0144 Krak\u00f3w Atominium - ekspert w dziedzinie przek\u0142ad\u00f3w.","publisher":{"@id":"https:\/\/www.atominium.com\/pl\/#organization"},"potentialAction":[{"@type":"SearchAction","target":{"@type":"EntryPoint","urlTemplate":"https:\/\/www.atominium.com\/pl\/?s={search_term_string}"},"query-input":{"@type":"PropertyValueSpecification","valueRequired":true,"valueName":"search_term_string"}}],"inLanguage":"pl-PL"},{"@type":"Organization","@id":"https:\/\/www.atominium.com\/pl\/#organization","name":"Biuro t\u0142umacze\u0144 specjalistycznych Atominium Krak\u00f3w","alternateName":"Atominium","url":"https:\/\/www.atominium.com\/pl\/","logo":{"@type":"ImageObject","inLanguage":"pl-PL","@id":"https:\/\/www.atominium.com\/pl\/#\/schema\/logo\/image\/","url":"https:\/\/www.atominium.com\/pl\/wp-content\/uploads\/2021\/02\/logo-atominium.png","contentUrl":"https:\/\/www.atominium.com\/pl\/wp-content\/uploads\/2021\/02\/logo-atominium.png","width":573,"height":90,"caption":"Biuro t\u0142umacze\u0144 specjalistycznych Atominium Krak\u00f3w"},"image":{"@id":"https:\/\/www.atominium.com\/pl\/#\/schema\/logo\/image\/"},"sameAs":["https:\/\/www.facebook.com\/p\/Atominium-Specialist-Translation-Agency-100052230326775\/"]},{"@type":"Person","@id":"https:\/\/www.atominium.com\/pl\/#\/schema\/person\/2906c27107092631f4bffe78591c1893","name":"Atominium","image":{"@type":"ImageObject","inLanguage":"pl-PL","@id":"https:\/\/www.atominium.com\/pl\/#\/schema\/person\/image\/","url":"https:\/\/secure.gravatar.com\/avatar\/922668877ae1f08e285966e5bda08312911a5a8b93ae4cdc451508934c30b139?s=96&d=mm&r=g","contentUrl":"https:\/\/secure.gravatar.com\/avatar\/922668877ae1f08e285966e5bda08312911a5a8b93ae4cdc451508934c30b139?s=96&d=mm&r=g","caption":"Atominium"},"url":"https:\/\/www.atominium.com\/pl\/blog\/author\/m-skrzypkowski\/"}]}},"post_mailing_queue_ids":[],"_links":{"self":[{"href":"https:\/\/www.atominium.com\/pl\/wp-json\/wp\/v2\/posts\/15920","targetHints":{"allow":["GET"]}}],"collection":[{"href":"https:\/\/www.atominium.com\/pl\/wp-json\/wp\/v2\/posts"}],"about":[{"href":"https:\/\/www.atominium.com\/pl\/wp-json\/wp\/v2\/types\/post"}],"author":[{"embeddable":true,"href":"https:\/\/www.atominium.com\/pl\/wp-json\/wp\/v2\/users\/4"}],"replies":[{"embeddable":true,"href":"https:\/\/www.atominium.com\/pl\/wp-json\/wp\/v2\/comments?post=15920"}],"version-history":[{"count":1,"href":"https:\/\/www.atominium.com\/pl\/wp-json\/wp\/v2\/posts\/15920\/revisions"}],"predecessor-version":[{"id":17272,"href":"https:\/\/www.atominium.com\/pl\/wp-json\/wp\/v2\/posts\/15920\/revisions\/17272"}],"wp:featuredmedia":[{"embeddable":true,"href":"https:\/\/www.atominium.com\/pl\/wp-json\/wp\/v2\/media\/11139"}],"wp:attachment":[{"href":"https:\/\/www.atominium.com\/pl\/wp-json\/wp\/v2\/media?parent=15920"}],"wp:term":[{"taxonomy":"category","embeddable":true,"href":"https:\/\/www.atominium.com\/pl\/wp-json\/wp\/v2\/categories?post=15920"},{"taxonomy":"post_tag","embeddable":true,"href":"https:\/\/www.atominium.com\/pl\/wp-json\/wp\/v2\/tags?post=15920"}],"curies":[{"name":"wp","href":"https:\/\/api.w.org\/{rel}","templated":true}]}}